{"id":697,"date":"2024-09-16T23:40:28","date_gmt":"2024-09-16T23:40:28","guid":{"rendered":"https:\/\/yoleditorial.com\/?p=697"},"modified":"2024-10-04T01:54:34","modified_gmt":"2024-10-04T01:54:34","slug":"crisis-de-la-salud-en-el-ecuador","status":"publish","type":"post","link":"https:\/\/yoleditorial.com\/index.php\/2024\/09\/16\/crisis-de-la-salud-en-el-ecuador\/","title":{"rendered":"Crisis de la Salud en el Ecuador"},"content":{"rendered":"<p>[et_pb_section fb_built=\u00bb1&#8243; _builder_version=\u00bb4.7.7&#8243; _module_preset=\u00bbdefault\u00bb background_color=\u00bb#0a0a0a\u00bb][et_pb_row column_structure=\u00bb1_2,1_2&#8243; _builder_version=\u00bb4.7.7&#8243; _module_preset=\u00bbdefault\u00bb][et_pb_column type=\u00bb1_2&#8243; _builder_version=\u00bb4.7.7&#8243; _module_preset=\u00bbdefault\u00bb][et_pb_image src=\u00bbhttp:\/\/yoleditorial.com\/wp-content\/uploads\/2024\/09\/Crisis-de-la-Salud-en-el-Ecuador.jpg\u00bb alt=\u00bbProtocolos M\u00e9dicos Quir\u00fargicos\u00bb title_text=\u00bbCrisis de la Salud en el Ecuador\u00bb _builder_version=\u00bb4.7.7&#8243; _module_preset=\u00bbdefault\u00bb][\/et_pb_image][\/et_pb_column][et_pb_column type=\u00bb1_2&#8243; _builder_version=\u00bb4.7.7&#8243; _module_preset=\u00bbdefault\u00bb][et_pb_text _builder_version=\u00bb4.7.7&#8243; _module_preset=\u00bbdefault\u00bb]<\/p>\n<h3><strong>T\u00edtulo:<\/strong><\/h3>\n<p>[\/et_pb_text][et_pb_text _builder_version=\u00bb4.7.7&#8243; _module_preset=\u00bbdefault\u00bb]<\/p>\n<h2>Crisis de la Salud en el Ecuador<\/h2>\n<p>[\/et_pb_text][et_pb_text _builder_version=\u00bb4.7.7&#8243; _module_preset=\u00bbdefault\u00bb]<\/p>\n<h3><strong>ISBN:<\/strong><\/h3>\n<p>[\/et_pb_text][et_pb_text _builder_version=\u00bb4.7.7&#8243; _module_preset=\u00bbdefault\u00bb]<\/p>\n<h4>978-9942-6750-8-8<\/h4>\n<p>[\/et_pb_text][et_pb_text _builder_version=\u00bb4.7.7&#8243; _module_preset=\u00bbdefault\u00bb]<\/p>\n<h3><strong>Cant. P\u00e1ginas:<\/strong><\/h3>\n<p>[\/et_pb_text][et_pb_text _builder_version=\u00bb4.7.7&#8243; _module_preset=\u00bbdefault\u00bb]<\/p>\n<h4><strong>429<\/strong><\/h4>\n<p>[\/et_pb_text][et_pb_text _builder_version=\u00bb4.7.7&#8243; _module_preset=\u00bbdefault\u00bb]<\/p>\n<h3><strong>Resumen:<\/strong><\/h3>\n<p>[\/et_pb_text][et_pb_text _builder_version=\u00bb4.7.7&#8243; _module_preset=\u00bbdefault\u00bb]<\/p>\n<h4 style=\"text-align: justify;\">La <strong>Crisis de la Salud en el Ecuador<\/strong>, dirigido en su desarrollo por el Mag\u00edster Miguel D\u00edaz \u00c1lava, es un exhaustivo an\u00e1lisis de los m\u00faltiples desaf\u00edos que enfrenta el sistema de salud en el pa\u00eds. A lo largo de sus cap\u00edtulos, el libro explora los problemas estructurales y las deficiencias en la atenci\u00f3n sanitaria, destacando c\u00f3mo estos afectan a diversas poblaciones, desde los reci\u00e9n nacidos hasta los adultos mayores. Los autores abordan temas como la salud neonatal, donde se analizan las altas tasas de mortalidad infantil, y el impacto del c\u00e1ncer en la poblaci\u00f3n ecuatoriana, mostrando la necesidad de pol\u00edticas m\u00e1s robustas y accesibles.<\/h4>\n<h4 style=\"text-align: justify;\">El libro tambi\u00e9n examina la salud en las \u00e1reas rurales, revelando la disparidad en el acceso a servicios m\u00e9dicos en comparaci\u00f3n con las zonas urbanas. Otro aspecto crucial es la salud escolar y la malnutrici\u00f3n, donde se destaca la importancia de la educaci\u00f3n y la nutrici\u00f3n adecuada en el desarrollo infantil. La salud del adulto mayor recibe una atenci\u00f3n especial, subrayando la falta de recursos y programas espec\u00edficos para esta creciente poblaci\u00f3n, lo que refleja un vac\u00edo en la planificaci\u00f3n sanitaria del pa\u00eds.<\/h4>\n<h4 style=\"text-align: justify;\">Finalmente, La<strong> Crisis de la Salud en el Ecuador<\/strong> no solo expone los problemas internos, sino que tambi\u00e9n, sit\u00faa estos desaf\u00edos en un contexto global, analizando los procesos de internacionalizaci\u00f3n y la econom\u00eda pol\u00edtica de la salud. Este enfoque permite comprender c\u00f3mo las din\u00e1micas globales afectan la gesti\u00f3n de la salud en Ecuador, y c\u00f3mo las pol\u00edticas nacionales deben adaptarse para enfrentar estas presiones externas. En conjunto, el libro ofrece una visi\u00f3n cr\u00edtica y detallada de la crisis sanitaria en el pa\u00eds, sugiriendo la urgencia de una reforma integral del sistema de salud.<\/h4>\n<p>[\/et_pb_text][et_pb_text _builder_version=\u00bb4.7.7&#8243; _module_preset=\u00bbdefault\u00bb hover_enabled=\u00bb0&#8243; sticky_enabled=\u00bb0&#8243;]<\/p>\n<h3><strong><a href=\"https:\/\/payp.page.link\/mxtQ9\" title=\"Pago\">Link<\/a> de Pago<\/strong><\/h3>\n<p>[\/et_pb_text][et_pb_text _builder_version=\u00bb4.7.7&#8243; _module_preset=\u00bbdefault\u00bb hover_enabled=\u00bb0&#8243; sticky_enabled=\u00bb0&#8243; text_font_size=\u00bb18px\u00bb]<\/p>\n<p>Luego de realizar el pago por favor <strong>enviar la captura<\/strong> del mismo al n\u00famero\u00a0<a href=\"https:\/\/api.whatsapp.com\/send?phone=593996802828\" title=\"Link de pago\"><strong>099 680 2828<\/strong><\/a><\/p>\n<p>[\/et_pb_text][\/et_pb_column][\/et_pb_row][\/et_pb_section]<\/p>\n","protected":false},"excerpt":{"rendered":"<p>Crisis de la Salud en el Ecuador<\/p>\n","protected":false},"author":2,"featured_media":702,"comment_status":"closed","ping_status":"closed","sticky":false,"template":"","format":"standard","meta":{"_et_pb_use_builder":"on","_et_pb_old_content":"","_et_gb_content_width":"","footnotes":""},"categories":[11],"tags":[12],"class_list":["post-697","post","type-post","status-publish","format-standard","has-post-thumbnail","hentry","category-libros","tag-libros"],"_links":{"self":[{"href":"https:\/\/yoleditorial.com\/index.php\/wp-json\/wp\/v2\/posts\/697","targetHints":{"allow":["GET"]}}],"collection":[{"href":"https:\/\/yoleditorial.com\/index.php\/wp-json\/wp\/v2\/posts"}],"about":[{"href":"https:\/\/yoleditorial.com\/index.php\/wp-json\/wp\/v2\/types\/post"}],"author":[{"embeddable":true,"href":"https:\/\/yoleditorial.com\/index.php\/wp-json\/wp\/v2\/users\/2"}],"replies":[{"embeddable":true,"href":"https:\/\/yoleditorial.com\/index.php\/wp-json\/wp\/v2\/comments?post=697"}],"version-history":[{"count":7,"href":"https:\/\/yoleditorial.com\/index.php\/wp-json\/wp\/v2\/posts\/697\/revisions"}],"predecessor-version":[{"id":741,"href":"https:\/\/yoleditorial.com\/index.php\/wp-json\/wp\/v2\/posts\/697\/revisions\/741"}],"wp:featuredmedia":[{"embeddable":true,"href":"https:\/\/yoleditorial.com\/index.php\/wp-json\/wp\/v2\/media\/702"}],"wp:attachment":[{"href":"https:\/\/yoleditorial.com\/index.php\/wp-json\/wp\/v2\/media?parent=697"}],"wp:term":[{"taxonomy":"category","embeddable":true,"href":"https:\/\/yoleditorial.com\/index.php\/wp-json\/wp\/v2\/categories?post=697"},{"taxonomy":"post_tag","embeddable":true,"href":"https:\/\/yoleditorial.com\/index.php\/wp-json\/wp\/v2\/tags?post=697"}],"curies":[{"name":"wp","href":"https:\/\/api.w.org\/{rel}","templated":true}]}}