{"id":712,"date":"2024-10-02T23:20:34","date_gmt":"2024-10-02T23:20:34","guid":{"rendered":"https:\/\/yoleditorial.com\/?p=712"},"modified":"2024-10-04T00:47:33","modified_gmt":"2024-10-04T00:47:33","slug":"educacion-derecho-y-salud-en-el-contexto-ecuatoriano","status":"publish","type":"post","link":"https:\/\/yoleditorial.com\/index.php\/2024\/10\/02\/educacion-derecho-y-salud-en-el-contexto-ecuatoriano\/","title":{"rendered":"Educaci\u00f3n, Derecho y Salud en el contexto Ecuatoriano"},"content":{"rendered":"<p>[et_pb_section fb_built=\u00bb1&#8243; _builder_version=\u00bb4.7.7&#8243; _module_preset=\u00bbdefault\u00bb background_color=\u00bb#0a0a0a\u00bb][et_pb_row column_structure=\u00bb1_2,1_2&#8243; _builder_version=\u00bb4.7.7&#8243; _module_preset=\u00bbdefault\u00bb][et_pb_column type=\u00bb1_2&#8243; _builder_version=\u00bb4.7.7&#8243; _module_preset=\u00bbdefault\u00bb][et_pb_image src=\u00bbhttp:\/\/yoleditorial.com\/wp-content\/uploads\/2024\/10\/1_Pagina_0111-scaled.jpg\u00bb alt=\u00bbProtocolos M\u00e9dicos Quir\u00fargicos\u00bb title_text=\u00bb1_P\u00e1gina_0111&#8243; _builder_version=\u00bb4.7.7&#8243; _module_preset=\u00bbdefault\u00bb][\/et_pb_image][\/et_pb_column][et_pb_column type=\u00bb1_2&#8243; _builder_version=\u00bb4.7.7&#8243; _module_preset=\u00bbdefault\u00bb][et_pb_text _builder_version=\u00bb4.7.7&#8243; _module_preset=\u00bbdefault\u00bb]<\/p>\n<h3><strong>T\u00edtulo:<\/strong><\/h3>\n<p>[\/et_pb_text][et_pb_text _builder_version=\u00bb4.7.7&#8243; _module_preset=\u00bbdefault\u00bb]<\/p>\n<h2>Educaci\u00f3n, Derecho y Salud en el contexto Ecuatoriano<\/h2>\n<p>[\/et_pb_text][et_pb_text _builder_version=\u00bb4.7.7&#8243; _module_preset=\u00bbdefault\u00bb]<\/p>\n<h3><strong>ISBN:<\/strong><\/h3>\n<p>[\/et_pb_text][et_pb_text _builder_version=\u00bb4.7.7&#8243; _module_preset=\u00bbdefault\u00bb]<\/p>\n<h4>978-9942-675-17-0<\/h4>\n<p>[\/et_pb_text][et_pb_text _builder_version=\u00bb4.7.7&#8243; _module_preset=\u00bbdefault\u00bb]<\/p>\n<h3><strong>Cant. P\u00e1ginas:<\/strong><\/h3>\n<p>[\/et_pb_text][et_pb_text _builder_version=\u00bb4.7.7&#8243; _module_preset=\u00bbdefault\u00bb]<\/p>\n<h4><strong>57<\/strong><\/h4>\n<p>[\/et_pb_text][et_pb_text _builder_version=\u00bb4.7.7&#8243; _module_preset=\u00bbdefault\u00bb]<\/p>\n<h3><strong>Resumen:<\/strong><\/h3>\n<p>[\/et_pb_text][et_pb_text _builder_version=\u00bb4.7.7&#8243; _module_preset=\u00bbdefault\u00bb hover_enabled=\u00bb0&#8243; sticky_enabled=\u00bb0&#8243; text_font_size=\u00bb18px\u00bb]<\/p>\n<p style=\"text-align: justify;\">La intersecci\u00f3n que presenta la educaci\u00f3n, el derecho y la salud es una tem\u00e1tica crucial en la investigaci\u00f3n, sobre todo en el contexto ecuatoriano., en donde los tres pilares constituyen las bases fundamentales de la sociedad, as\u00ed como el desarrollo integral de los individuos y de la comunidad. En primer lugar, la educaci\u00f3n no solo act\u00faa como un veh\u00edculo para la transmisi\u00f3n de conocimiento y desarrollo de habilidades, sino que tambi\u00e9n, constituye un derecho humano fundamental que permite que los individuos accedan a una mejor oportunidad de vida. Por otro lado, el derecho a la salud, constituye otro de los derechos fundamentales del ser humano, por lo cual, es Estado debe garantizar su acceso gratuito, de forma oportuna y adecuada, lo que a su vez influye en la calidad de vida y completo bienestar de la poblaci\u00f3n.<\/p>\n<p style=\"text-align: justify;\">Sin duda alguna, en cualquier parte del mundo, estos tres pilares se encuentran profundamente interrelacionados, puesto que, la educaci\u00f3n de calidad contribuye a una mejor comprensi\u00f3n de la salud y del completo bienestar, alcanzando de esta manera, comportamientos preventivos a partir del acceso a la informaci\u00f3n sanitaria. A su vez, una poblaci\u00f3n saludable, tiene la capacidad de participar activamente en el proceso de ense\u00f1anza-aprendizaje, creando de esta manera un ciclo continuo que beneficia no solo a un individuo sino a la sociedad en conjunto.<\/p>\n<p style=\"text-align: justify;\">Sin embargo, para que esto ocurra, es necesario abordar la situaci\u00f3n actual del derecho en el contexto ecuatoriano, puesto que, existen diversos desaf\u00edos tales como la desigualdad al acceso a la educaci\u00f3n y salud, que afectan con frecuencia a los sectores m\u00e1s vulnerables de la poblaci\u00f3n ecuatoriana. Al respecto, es necesario realizar un an\u00e1lisis general del estado del derecho ecuatoriano actual y de las estrategias aplicadas para el cumplimiento de cada una de las obligaciones del mismo.<\/p>\n<p style=\"text-align: justify;\">Por consiguiente, este libro busca explorar diversas din\u00e1micas complejas, analizando de qu\u00e9 manera, la educaci\u00f3n, derecho y salud se entrelazan en el contexto del Ecuador. A trav\u00e9s de un enfoque multidisciplinario, se abordan las pol\u00edticas p\u00fablicas asociadas al derecho de la educaci\u00f3n y salud, el estado actual de cada uno de estos pilares fundamentales y los marcos legales que influyen de manera significativa en la calidad de vida de los ecuatorianos, evidenciando la necesidad de desarrollar una visi\u00f3n integral que contemple la interdependencia de cada uno de los elementos. Una vez alcanzado el proceso, se espera contribuir a un di\u00e1logo amplio acerca de c\u00f3mo construir un futuro con equidad y justicia para todos los ecuatorianos.<\/p>\n<p>[\/et_pb_text][et_pb_text _builder_version=\u00bb4.7.7&#8243; _module_preset=\u00bbdefault\u00bb]<\/p>\n<h3><strong>Link de <a href=\"http:\/\/yoleditorial.com\/wp-content\/uploads\/2024\/10\/EDUCACION-DERECHO-Y-SALUD-EN-EL-CONTEXTO-ECUATORIANO-1-10-2024.pdf\" title=\"Libro\">descarga<\/a><\/strong><\/h3>\n<p>[\/et_pb_text][\/et_pb_column][\/et_pb_row][\/et_pb_section]<\/p>\n","protected":false},"excerpt":{"rendered":"<p>Educaci\u00f3n, Derecho y Salud en el contexto Ecuatoriano<\/p>\n","protected":false},"author":2,"featured_media":716,"comment_status":"closed","ping_status":"closed","sticky":false,"template":"","format":"standard","meta":{"_et_pb_use_builder":"on","_et_pb_old_content":"","_et_gb_content_width":"","footnotes":""},"categories":[11],"tags":[12],"class_list":["post-712","post","type-post","status-publish","format-standard","has-post-thumbnail","hentry","category-libros","tag-libros"],"_links":{"self":[{"href":"https:\/\/yoleditorial.com\/index.php\/wp-json\/wp\/v2\/posts\/712","targetHints":{"allow":["GET"]}}],"collection":[{"href":"https:\/\/yoleditorial.com\/index.php\/wp-json\/wp\/v2\/posts"}],"about":[{"href":"https:\/\/yoleditorial.com\/index.php\/wp-json\/wp\/v2\/types\/post"}],"author":[{"embeddable":true,"href":"https:\/\/yoleditorial.com\/index.php\/wp-json\/wp\/v2\/users\/2"}],"replies":[{"embeddable":true,"href":"https:\/\/yoleditorial.com\/index.php\/wp-json\/wp\/v2\/comments?post=712"}],"version-history":[{"count":13,"href":"https:\/\/yoleditorial.com\/index.php\/wp-json\/wp\/v2\/posts\/712\/revisions"}],"predecessor-version":[{"id":739,"href":"https:\/\/yoleditorial.com\/index.php\/wp-json\/wp\/v2\/posts\/712\/revisions\/739"}],"wp:featuredmedia":[{"embeddable":true,"href":"https:\/\/yoleditorial.com\/index.php\/wp-json\/wp\/v2\/media\/716"}],"wp:attachment":[{"href":"https:\/\/yoleditorial.com\/index.php\/wp-json\/wp\/v2\/media?parent=712"}],"wp:term":[{"taxonomy":"category","embeddable":true,"href":"https:\/\/yoleditorial.com\/index.php\/wp-json\/wp\/v2\/categories?post=712"},{"taxonomy":"post_tag","embeddable":true,"href":"https:\/\/yoleditorial.com\/index.php\/wp-json\/wp\/v2\/tags?post=712"}],"curies":[{"name":"wp","href":"https:\/\/api.w.org\/{rel}","templated":true}]}}