{"id":770,"date":"2024-12-22T18:42:50","date_gmt":"2024-12-22T18:42:50","guid":{"rendered":"https:\/\/yoleditorial.com\/?p=770"},"modified":"2024-12-22T18:49:46","modified_gmt":"2024-12-22T18:49:46","slug":"repensar-la-ensenanza-en-el-siglo-xxi","status":"publish","type":"post","link":"https:\/\/yoleditorial.com\/index.php\/2024\/12\/22\/repensar-la-ensenanza-en-el-siglo-xxi\/","title":{"rendered":"Repensar la ense\u00f1anza en el siglo XXI"},"content":{"rendered":"<p>[et_pb_section fb_built=\u00bb1&#8243; _builder_version=\u00bb4.7.7&#8243; _module_preset=\u00bbdefault\u00bb background_color=\u00bb#0a0a0a\u00bb][et_pb_row column_structure=\u00bb1_2,1_2&#8243; _builder_version=\u00bb4.7.7&#8243; _module_preset=\u00bbdefault\u00bb][et_pb_column type=\u00bb1_2&#8243; _builder_version=\u00bb4.7.7&#8243; _module_preset=\u00bbdefault\u00bb][et_pb_image src=\u00bbhttp:\/\/yoleditorial.com\/wp-content\/uploads\/2024\/12\/Repensar-la-ensenanza-en-el-siglo-XXI_Pagina_001.jpg\u00bb alt=\u00bbRepensar la ense\u00f1anza en el siglo XXI\u00bb title_text=\u00bbRepensar la ense\u00f1anza en el siglo XXI_P\u00e1gina_001&#8243; _builder_version=\u00bb4.7.7&#8243; _module_preset=\u00bbdefault\u00bb][\/et_pb_image][\/et_pb_column][et_pb_column type=\u00bb1_2&#8243; _builder_version=\u00bb4.7.7&#8243; _module_preset=\u00bbdefault\u00bb][et_pb_text _builder_version=\u00bb4.7.7&#8243; _module_preset=\u00bbdefault\u00bb]<\/p>\n<h3><strong>T\u00edtulo:<\/strong><\/h3>\n<p>[\/et_pb_text][et_pb_text _builder_version=\u00bb4.7.7&#8243; _module_preset=\u00bbdefault\u00bb]<\/p>\n<h2>Repensar la ense\u00f1anza en el siglo XXI<\/h2>\n<p>[\/et_pb_text][et_pb_text _builder_version=\u00bb4.7.7&#8243; _module_preset=\u00bbdefault\u00bb]<\/p>\n<h3><strong>ISBN:<\/strong><\/h3>\n<p>[\/et_pb_text][et_pb_text _builder_version=\u00bb4.7.7&#8243; _module_preset=\u00bbdefault\u00bb]<\/p>\n<h4>978-9942-675-31-6<\/h4>\n<p>[\/et_pb_text][et_pb_text _builder_version=\u00bb4.7.7&#8243; _module_preset=\u00bbdefault\u00bb]<\/p>\n<h3><strong>Cant. P\u00e1ginas:<\/strong><\/h3>\n<p>[\/et_pb_text][et_pb_text _builder_version=\u00bb4.7.7&#8243; _module_preset=\u00bbdefault\u00bb]<\/p>\n<h4><strong>115<\/strong><\/h4>\n<p>[\/et_pb_text][et_pb_text _builder_version=\u00bb4.7.7&#8243; _module_preset=\u00bbdefault\u00bb]<\/p>\n<h3><strong>Resumen:<\/strong><\/h3>\n<p>[\/et_pb_text][et_pb_text _builder_version=\u00bb4.7.7&#8243; _module_preset=\u00bbdefault\u00bb text_font_size=\u00bb18px\u00bb]<\/p>\n<p style=\"text-align: justify;\">El libro plantea una reflexi\u00f3n profunda sobre la verdadera finalidad de la educaci\u00f3n, cuestionando si basta con transmitir informaci\u00f3n o si el objetivo debe ser transformar vidas, y aborda esta tem\u00e1tica desde diversos enfoques innovadores. En sus cap\u00edtulos iniciales, contrasta la memorizaci\u00f3n tradicional con la necesidad de desarrollar competencias cr\u00edticas, creativas y \u00e9ticas, mientras que en su segundo apartado introduce metodolog\u00edas disruptivas como el Aprendizaje Basado en el Entorno y el Aprendizaje Basado en Fen\u00f3menos, las cuales vinculan teor\u00eda y pr\u00e1ctica en contextos reales.<\/p>\n<p style=\"text-align: justify;\">El tercer cap\u00edtulo explora el impacto de la tecnolog\u00eda emergente, como la realidad virtual y la telepresencia, en la educaci\u00f3n h\u00edbrida, ofreciendo ejemplos como el uso de drones para aplicaciones comunitarias. La obra tambi\u00e9n enfatiza la importancia de personalizar el aprendizaje, destacando herramientas como la inteligencia artificial y estrategias motivacionales como la gamificaci\u00f3n. A trav\u00e9s de ejemplos pr\u00e1cticos, estudios de caso y un enfoque cr\u00edtico, este texto se convierte en un manifiesto para transformar la educaci\u00f3n en un motor de cambio y progreso, inspirando a docentes y estudiantes a liderar los desaf\u00edos del presente\u00a0y\u00a0del\u00a0futuro.<\/p>\n<p>[\/et_pb_text][et_pb_text disabled_on=\u00bboff|off|off\u00bb _builder_version=\u00bb4.7.7&#8243; _module_preset=\u00bbdefault\u00bb hover_enabled=\u00bb0&#8243; locked=\u00bboff\u00bb sticky_enabled=\u00bb0&#8243;]<\/p>\n<h3><strong>Link de <a href=\"http:\/\/yoleditorial.com\/wp-content\/uploads\/2024\/12\/Repensar-la-ensenanza-en-el-siglo-XXI.pdf\" title=\"Libro\" target=\"_blank\" rel=\"noopener noreferrer\">descarga<\/a><\/strong><\/h3>\n<p>[\/et_pb_text][\/et_pb_column][\/et_pb_row][\/et_pb_section]<\/p>\n","protected":false},"excerpt":{"rendered":"<p>El libro plantea una reflexi\u00f3n sobre la finalidad de la educaci\u00f3n, cuestionando si debe limitarse a la transmisi\u00f3n de informaci\u00f3n o enfocarse en transformar vidas, destacando enfoques innovadores y disruptivos. Contrasta la memorizaci\u00f3n tradicional con el desarrollo de competencias cr\u00edticas, creativas y \u00e9ticas, introduce metodolog\u00edas como el Aprendizaje Basado en el Entorno y en Fen\u00f3menos, y analiza el impacto de tecnolog\u00edas emergentes como la realidad virtual y la telepresencia en la educaci\u00f3n h\u00edbrida. Adem\u00e1s, resalta la personalizaci\u00f3n del aprendizaje mediante inteligencia artificial y gamificaci\u00f3n, ofreciendo ejemplos pr\u00e1cticos y estudios de caso que inspiran a transformar la educaci\u00f3n en un motor de cambio y progreso.<\/p>\n","protected":false},"author":2,"featured_media":773,"comment_status":"closed","ping_status":"closed","sticky":false,"template":"","format":"standard","meta":{"_et_pb_use_builder":"on","_et_pb_old_content":"","_et_gb_content_width":"","footnotes":""},"categories":[11],"tags":[12],"class_list":["post-770","post","type-post","status-publish","format-standard","has-post-thumbnail","hentry","category-libros","tag-libros"],"_links":{"self":[{"href":"https:\/\/yoleditorial.com\/index.php\/wp-json\/wp\/v2\/posts\/770","targetHints":{"allow":["GET"]}}],"collection":[{"href":"https:\/\/yoleditorial.com\/index.php\/wp-json\/wp\/v2\/posts"}],"about":[{"href":"https:\/\/yoleditorial.com\/index.php\/wp-json\/wp\/v2\/types\/post"}],"author":[{"embeddable":true,"href":"https:\/\/yoleditorial.com\/index.php\/wp-json\/wp\/v2\/users\/2"}],"replies":[{"embeddable":true,"href":"https:\/\/yoleditorial.com\/index.php\/wp-json\/wp\/v2\/comments?post=770"}],"version-history":[{"count":5,"href":"https:\/\/yoleditorial.com\/index.php\/wp-json\/wp\/v2\/posts\/770\/revisions"}],"predecessor-version":[{"id":777,"href":"https:\/\/yoleditorial.com\/index.php\/wp-json\/wp\/v2\/posts\/770\/revisions\/777"}],"wp:featuredmedia":[{"embeddable":true,"href":"https:\/\/yoleditorial.com\/index.php\/wp-json\/wp\/v2\/media\/773"}],"wp:attachment":[{"href":"https:\/\/yoleditorial.com\/index.php\/wp-json\/wp\/v2\/media?parent=770"}],"wp:term":[{"taxonomy":"category","embeddable":true,"href":"https:\/\/yoleditorial.com\/index.php\/wp-json\/wp\/v2\/categories?post=770"},{"taxonomy":"post_tag","embeddable":true,"href":"https:\/\/yoleditorial.com\/index.php\/wp-json\/wp\/v2\/tags?post=770"}],"curies":[{"name":"wp","href":"https:\/\/api.w.org\/{rel}","templated":true}]}}