{"id":796,"date":"2025-03-07T20:22:25","date_gmt":"2025-03-07T20:22:25","guid":{"rendered":"https:\/\/yoleditorial.com\/?p=796"},"modified":"2025-03-07T21:36:07","modified_gmt":"2025-03-07T21:36:07","slug":"innovacion-y-desarrollo-en-la-inclusion-social-y-la-ciencia-de-los-alimentos","status":"publish","type":"post","link":"https:\/\/yoleditorial.com\/index.php\/2025\/03\/07\/innovacion-y-desarrollo-en-la-inclusion-social-y-la-ciencia-de-los-alimentos\/","title":{"rendered":"Innovaci\u00f3n Y Desarrollo En La Inclusi\u00f3n Social Y La Ciencia De Los Alimentos"},"content":{"rendered":"<p>[et_pb_section fb_built=\u00bb1&#8243; _builder_version=\u00bb4.7.7&#8243; _module_preset=\u00bbdefault\u00bb background_color=\u00bb#0a0a0a\u00bb][et_pb_row column_structure=\u00bb1_2,1_2&#8243; _builder_version=\u00bb4.7.7&#8243; _module_preset=\u00bbdefault\u00bb][et_pb_column type=\u00bb1_2&#8243; _builder_version=\u00bb4.7.7&#8243; _module_preset=\u00bbdefault\u00bb][et_pb_image src=\u00bbhttp:\/\/yoleditorial.com\/wp-content\/uploads\/2025\/03\/Innovacion-y-desarrollo_Pagina_01.jpg\u00bb alt=\u00bbINNOVACI\u00d3N Y DESARROLLO EN LA INCLUSION SOCIAL Y LA CIENCIA DE LOS ALIMENTOS\u00bb title_text=\u00bbInnovaci\u00f3n y desarrollo_P\u00e1gina_01&#8243; _builder_version=\u00bb4.7.7&#8243; _module_preset=\u00bbdefault\u00bb][\/et_pb_image][\/et_pb_column][et_pb_column type=\u00bb1_2&#8243; _builder_version=\u00bb4.7.7&#8243; _module_preset=\u00bbdefault\u00bb][et_pb_text _builder_version=\u00bb4.7.7&#8243; _module_preset=\u00bbdefault\u00bb]<\/p>\n<h3><strong>T\u00edtulo:<\/strong><\/h3>\n<p>[\/et_pb_text][et_pb_text _builder_version=\u00bb4.7.7&#8243; _module_preset=\u00bbdefault\u00bb]<\/p>\n<h2>INNOVACI\u00d3N Y DESARROLLO EN LA INCLUSION SOCIAL Y LA CIENCIA DE LOS ALIMENTOS<\/h2>\n<p>[\/et_pb_text][et_pb_text _builder_version=\u00bb4.7.7&#8243; _module_preset=\u00bbdefault\u00bb]<\/p>\n<h3><strong>ISBN:<\/strong><\/h3>\n<p>[\/et_pb_text][et_pb_text _builder_version=\u00bb4.7.7&#8243; _module_preset=\u00bbdefault\u00bb]<\/p>\n<h4>978-9942-675- 97-2<\/h4>\n<p>[\/et_pb_text][et_pb_text _builder_version=\u00bb4.7.7&#8243; _module_preset=\u00bbdefault\u00bb]<\/p>\n<h3><strong>Cant. P\u00e1ginas:<\/strong><\/h3>\n<p>[\/et_pb_text][et_pb_text _builder_version=\u00bb4.7.7&#8243; _module_preset=\u00bbdefault\u00bb]<\/p>\n<h4><strong>83<\/strong><\/h4>\n<p>[\/et_pb_text][et_pb_text _builder_version=\u00bb4.7.7&#8243; _module_preset=\u00bbdefault\u00bb]<\/p>\n<h3><strong>Resumen:<\/strong><\/h3>\n<p>[\/et_pb_text][et_pb_text _builder_version=\u00bb4.7.7&#8243; _module_preset=\u00bbdefault\u00bb text_font_size=\u00bb18px\u00bb hover_enabled=\u00bb0&#8243; sticky_enabled=\u00bb0&#8243;]<\/p>\n<p data-start=\"101\" data-end=\"757\" style=\"text-align: justify;\">Este libro aborda dos ejes fundamentales: el desarrollo de habilidades aut\u00f3nomas en personas con discapacidad visual y la innovaci\u00f3n en la industria alimentaria a trav\u00e9s de la producci\u00f3n de un concentrado proteico nanoencapsulado. En la primera parte, se analiza el contexto y la justificaci\u00f3n de la necesidad de fortalecer la independencia de personas con discapacidad visual, identificando a los actores clave en este proceso. A partir de un diagn\u00f3stico detallado, se dise\u00f1\u00f3 un plan de desarrollo que se implement\u00f3 en la Sociedad de Ciegos de Pichincha \u00abLuis Braille\u00bb, mediante talleres y actividades dirigidas a mejorar su autonom\u00eda y calidad de vida.<\/p>\n<p data-start=\"759\" data-end=\"1358\" style=\"text-align: justify;\">La segunda parte del libro se enfoca en la innovaci\u00f3n en la industria alimentaria, destacando el desarrollo de un concentrado proteico a partir del suero de mantequilla. Se presenta la problem\u00e1tica del desperdicio de subproductos agroindustriales y se justifica la aplicaci\u00f3n de tecnolog\u00edas avanzadas, como el m\u00e9todo enzim\u00e1tico y la nanoencapsulaci\u00f3n, para mejorar la funcionalidad y estabilidad del concentrado proteico. A trav\u00e9s de una fundamentaci\u00f3n cient\u00edfica y tecnol\u00f3gica, se demuestra el potencial de este desarrollo como una alternativa sostenible y rentable dentro del sector alimentario.<\/p>\n<p data-start=\"1360\" data-end=\"1901\" style=\"text-align: justify;\">Finalmente, el libro detalla la metodolog\u00eda utilizada en la producci\u00f3n y evaluaci\u00f3n del concentrado proteico, presentando los resultados obtenidos a partir de diversas pruebas experimentales. Se analizan las caracter\u00edsticas fisicoqu\u00edmicas y sensoriales del producto, destacando su alto valor nutricional y su viabilidad comercial. Los hallazgos confirman que la implementaci\u00f3n de procesos innovadores no solo optimiza el aprovechamiento de recursos, sino que tambi\u00e9n contribuye a la econom\u00eda circular y a la sostenibilidad de la industria.<\/p>\n<p>[\/et_pb_text][et_pb_text disabled_on=\u00bbon|on|on\u00bb _builder_version=\u00bb4.7.7&#8243; _module_preset=\u00bbdefault\u00bb locked=\u00bboff\u00bb disabled=\u00bbon\u00bb]<\/p>\n<h3><strong>Link de <a href=\"http:\/\/yoleditorial.com\/wp-content\/uploads\/2025\/02\/LECTURA-Y-ESCRITURA-CIENTIFICA-EN-LA-INVESTIGACION-FORMATIVA-DEL-CAMPO-DE-LA-SALUD-23-01-2025.pdf\" title=\"Libro\" target=\"_blank\" rel=\"noopener noreferrer\">descarga<\/a><\/strong><\/h3>\n<p>[\/et_pb_text][\/et_pb_column][\/et_pb_row][\/et_pb_section]<\/p>\n","protected":false},"excerpt":{"rendered":"<p>Este libro aborda el desarrollo de habilidades aut\u00f3nomas en personas con discapacidad visual y la innovaci\u00f3n en la industria alimentaria mediante un concentrado proteico nanoencapsulado. Analiza la importancia de fortalecer la independencia de personas con discapacidad visual a trav\u00e9s de un plan implementado en la Sociedad de Ciegos de Pichincha \u00abLuis Braille\u00bb. Adem\u00e1s, presenta soluciones para el desperdicio agroindustrial con tecnolog\u00edas avanzadas como la nano encapsulaci\u00f3n, demostrando su viabilidad comercial y contribuci\u00f3n a la econom\u00eda circular y sostenibilidad del sector alimentario.<\/p>\n","protected":false},"author":2,"featured_media":800,"comment_status":"closed","ping_status":"closed","sticky":false,"template":"","format":"standard","meta":{"_et_pb_use_builder":"on","_et_pb_old_content":"","_et_gb_content_width":"","footnotes":""},"categories":[11],"tags":[12],"class_list":["post-796","post","type-post","status-publish","format-standard","has-post-thumbnail","hentry","category-libros","tag-libros"],"_links":{"self":[{"href":"https:\/\/yoleditorial.com\/index.php\/wp-json\/wp\/v2\/posts\/796","targetHints":{"allow":["GET"]}}],"collection":[{"href":"https:\/\/yoleditorial.com\/index.php\/wp-json\/wp\/v2\/posts"}],"about":[{"href":"https:\/\/yoleditorial.com\/index.php\/wp-json\/wp\/v2\/types\/post"}],"author":[{"embeddable":true,"href":"https:\/\/yoleditorial.com\/index.php\/wp-json\/wp\/v2\/users\/2"}],"replies":[{"embeddable":true,"href":"https:\/\/yoleditorial.com\/index.php\/wp-json\/wp\/v2\/comments?post=796"}],"version-history":[{"count":4,"href":"https:\/\/yoleditorial.com\/index.php\/wp-json\/wp\/v2\/posts\/796\/revisions"}],"predecessor-version":[{"id":811,"href":"https:\/\/yoleditorial.com\/index.php\/wp-json\/wp\/v2\/posts\/796\/revisions\/811"}],"wp:featuredmedia":[{"embeddable":true,"href":"https:\/\/yoleditorial.com\/index.php\/wp-json\/wp\/v2\/media\/800"}],"wp:attachment":[{"href":"https:\/\/yoleditorial.com\/index.php\/wp-json\/wp\/v2\/media?parent=796"}],"wp:term":[{"taxonomy":"category","embeddable":true,"href":"https:\/\/yoleditorial.com\/index.php\/wp-json\/wp\/v2\/categories?post=796"},{"taxonomy":"post_tag","embeddable":true,"href":"https:\/\/yoleditorial.com\/index.php\/wp-json\/wp\/v2\/tags?post=796"}],"curies":[{"name":"wp","href":"https:\/\/api.w.org\/{rel}","templated":true}]}}