{"id":803,"date":"2025-03-07T21:31:06","date_gmt":"2025-03-07T21:31:06","guid":{"rendered":"https:\/\/yoleditorial.com\/?p=803"},"modified":"2025-03-07T21:35:38","modified_gmt":"2025-03-07T21:35:38","slug":"la-formacion-emprendedora","status":"publish","type":"post","link":"https:\/\/yoleditorial.com\/index.php\/2025\/03\/07\/la-formacion-emprendedora\/","title":{"rendered":"La Formaci\u00f3n Emprendedora y Empresarial en Tiempos de la Inteligencia Artificial: Desaf\u00edos y Oportunidades"},"content":{"rendered":"<p>[et_pb_section fb_built=\u00bb1&#8243; _builder_version=\u00bb4.7.7&#8243; _module_preset=\u00bbdefault\u00bb background_color=\u00bb#0a0a0a\u00bb][et_pb_row column_structure=\u00bb1_2,1_2&#8243; _builder_version=\u00bb4.7.7&#8243; _module_preset=\u00bbdefault\u00bb][et_pb_column type=\u00bb1_2&#8243; _builder_version=\u00bb4.7.7&#8243; _module_preset=\u00bbdefault\u00bb][et_pb_image src=\u00bbhttp:\/\/yoleditorial.com\/wp-content\/uploads\/2025\/03\/LA-FORMACION-EMPRENDEDORA_Pagina_01.jpg\u00bb alt=\u00bbLA FORMACI\u00d3N EMPRENDEDORA Y EMPRESARIAL EN TIEMPOS DE LA INTELIGENCIA ARTIFICIAL: DESAF\u00cdOS Y OPORTUNIDADES\u00bb title_text=\u00bbLA FORMACION EMPRENDEDORA_P\u00e1gina_01&#8243; _builder_version=\u00bb4.7.7&#8243; _module_preset=\u00bbdefault\u00bb hover_enabled=\u00bb0&#8243; sticky_enabled=\u00bb0&#8243;][\/et_pb_image][\/et_pb_column][et_pb_column type=\u00bb1_2&#8243; _builder_version=\u00bb4.7.7&#8243; _module_preset=\u00bbdefault\u00bb][et_pb_text _builder_version=\u00bb4.7.7&#8243; _module_preset=\u00bbdefault\u00bb]<\/p>\n<h3><strong>T\u00edtulo:<\/strong><\/h3>\n<p>[\/et_pb_text][et_pb_text _builder_version=\u00bb4.7.7&#8243; _module_preset=\u00bbdefault\u00bb hover_enabled=\u00bb0&#8243; sticky_enabled=\u00bb0&#8243;]<\/p>\n<h2>LA FORMACI\u00d3N EMPRENDEDORA Y EMPRESARIAL EN TIEMPOS DE LA INTELIGENCIA ARTIFICIAL: DESAF\u00cdOS Y OPORTUNIDADES<\/h2>\n<p>[\/et_pb_text][et_pb_text _builder_version=\u00bb4.7.7&#8243; _module_preset=\u00bbdefault\u00bb]<\/p>\n<h3><strong>ISBN:<\/strong><\/h3>\n<p>[\/et_pb_text][et_pb_text _builder_version=\u00bb4.7.7&#8243; _module_preset=\u00bbdefault\u00bb hover_enabled=\u00bb0&#8243; sticky_enabled=\u00bb0&#8243;]<\/p>\n<h4>978-9942-675- 96-5<\/h4>\n<p>[\/et_pb_text][et_pb_text _builder_version=\u00bb4.7.7&#8243; _module_preset=\u00bbdefault\u00bb]<\/p>\n<h3><strong>Cant. P\u00e1ginas:<\/strong><\/h3>\n<p>[\/et_pb_text][et_pb_text _builder_version=\u00bb4.7.7&#8243; _module_preset=\u00bbdefault\u00bb hover_enabled=\u00bb0&#8243; sticky_enabled=\u00bb0&#8243;]<\/p>\n<h4><strong>98<\/strong><\/h4>\n<p>[\/et_pb_text][et_pb_text _builder_version=\u00bb4.7.7&#8243; _module_preset=\u00bbdefault\u00bb]<\/p>\n<h3><strong>Resumen:<\/strong><\/h3>\n<p>[\/et_pb_text][et_pb_text _builder_version=\u00bb4.7.7&#8243; _module_preset=\u00bbdefault\u00bb text_font_size=\u00bb18px\u00bb hover_enabled=\u00bb0&#8243; sticky_enabled=\u00bb0&#8243;]<\/p>\n<p data-start=\"50\" data-end=\"795\" style=\"text-align: justify;\">En un mundo donde la inteligencia artificial (IA) est\u00e1 redefiniendo las din\u00e1micas econ\u00f3micas y educativas, <em data-start=\"157\" data-end=\"265\">La formaci\u00f3n emprendedora y empresarial en tiempos de la inteligencia artificial: Desaf\u00edos y oportunidades<\/em> explora c\u00f3mo esta tecnolog\u00eda transforma la ense\u00f1anza del emprendimiento y la gesti\u00f3n de negocios. Desde la alfabetizaci\u00f3n digital hasta el desarrollo de habilidades avanzadas, el libro analiza las competencias clave que deben adquirir los futuros empresarios para prosperar en un entorno altamente digitalizado. Adem\u00e1s, se presentan herramientas tecnol\u00f3gicas fundamentales y estrategias para integrar la IA en la formaci\u00f3n empresarial, garantizando que los emprendedores est\u00e9n preparados para enfrentar los cambios del mercado.<\/p>\n<p data-start=\"797\" data-end=\"1290\" style=\"text-align: justify;\">La obra tambi\u00e9n examina la evoluci\u00f3n de los m\u00e9todos de ense\u00f1anza y los modelos de negocio en la era de la IA. Se analizan c\u00f3mo la personalizaci\u00f3n del aprendizaje, el pensamiento cr\u00edtico y la \u00e9tica en la toma de decisiones juegan un rol crucial en la educaci\u00f3n empresarial moderna. Asimismo, se abordan las oportunidades que la IA ofrece para la innovaci\u00f3n y la competitividad, incluyendo casos de \u00e9xito y recomendaciones pr\u00e1cticas para su implementaci\u00f3n en la creaci\u00f3n y gesti\u00f3n de empresas.<\/p>\n<p data-start=\"1292\" data-end=\"1858\" style=\"text-align: justify;\">Finalmente, el libro profundiza en los desaf\u00edos \u00e9ticos y sociales que surgen con la automatizaci\u00f3n del aprendizaje y la toma de decisiones empresariales. Se discuten problem\u00e1ticas como la desigualdad en el acceso a la tecnolog\u00eda, los sesgos en los algoritmos y la responsabilidad social en la educaci\u00f3n empresarial impulsada por IA. Con una visi\u00f3n orientada al futuro, esta obra brinda una gu\u00eda esencial para educadores, emprendedores y l\u00edderes empresariales que buscan adaptarse y prosperar en un mundo donde la inteligencia artificial es protagonista del cambio.<\/p>\n<p>[\/et_pb_text][et_pb_text disabled_on=\u00bbon|on|on\u00bb _builder_version=\u00bb4.7.7&#8243; _module_preset=\u00bbdefault\u00bb hover_enabled=\u00bb0&#8243; locked=\u00bboff\u00bb sticky_enabled=\u00bb0&#8243; disabled=\u00bbon\u00bb]<\/p>\n<h3><strong>Link de <a href=\"http:\/\/yoleditorial.com\/wp-content\/uploads\/2025\/02\/LECTURA-Y-ESCRITURA-CIENTIFICA-EN-LA-INVESTIGACION-FORMATIVA-DEL-CAMPO-DE-LA-SALUD-23-01-2025.pdf\" title=\"Libro\" target=\"_blank\" rel=\"noopener noreferrer\">descarga<\/a><\/strong><\/h3>\n<p>[\/et_pb_text][\/et_pb_column][\/et_pb_row][\/et_pb_section]<\/p>\n","protected":false},"excerpt":{"rendered":"<p>Este libro analiza el impacto de la inteligencia artificial en la educaci\u00f3n empresarial y la gesti\u00f3n de negocios, destacando la importancia de desarrollar habilidades digitales y estrategias para integrar la IA en el emprendimiento. Examina la evoluci\u00f3n de los m\u00e9todos de ense\u00f1anza y los modelos de negocio en la era digital, abordando temas como la personalizaci\u00f3n del aprendizaje, la innovaci\u00f3n y la \u00e9tica en la toma de decisiones. Adem\u00e1s, presenta casos de \u00e9xito y recomendaciones para aplicar la IA en la creaci\u00f3n y administraci\u00f3n de empresas, ofreciendo una gu\u00eda esencial para educadores, emprendedores y l\u00edderes que buscan adaptarse a un entorno altamente tecnol\u00f3gico.<\/p>\n","protected":false},"author":2,"featured_media":808,"comment_status":"closed","ping_status":"closed","sticky":false,"template":"","format":"standard","meta":{"_et_pb_use_builder":"on","_et_pb_old_content":"","_et_gb_content_width":"","footnotes":""},"categories":[11],"tags":[12],"class_list":["post-803","post","type-post","status-publish","format-standard","has-post-thumbnail","hentry","category-libros","tag-libros"],"_links":{"self":[{"href":"https:\/\/yoleditorial.com\/index.php\/wp-json\/wp\/v2\/posts\/803","targetHints":{"allow":["GET"]}}],"collection":[{"href":"https:\/\/yoleditorial.com\/index.php\/wp-json\/wp\/v2\/posts"}],"about":[{"href":"https:\/\/yoleditorial.com\/index.php\/wp-json\/wp\/v2\/types\/post"}],"author":[{"embeddable":true,"href":"https:\/\/yoleditorial.com\/index.php\/wp-json\/wp\/v2\/users\/2"}],"replies":[{"embeddable":true,"href":"https:\/\/yoleditorial.com\/index.php\/wp-json\/wp\/v2\/comments?post=803"}],"version-history":[{"count":5,"href":"https:\/\/yoleditorial.com\/index.php\/wp-json\/wp\/v2\/posts\/803\/revisions"}],"predecessor-version":[{"id":810,"href":"https:\/\/yoleditorial.com\/index.php\/wp-json\/wp\/v2\/posts\/803\/revisions\/810"}],"wp:featuredmedia":[{"embeddable":true,"href":"https:\/\/yoleditorial.com\/index.php\/wp-json\/wp\/v2\/media\/808"}],"wp:attachment":[{"href":"https:\/\/yoleditorial.com\/index.php\/wp-json\/wp\/v2\/media?parent=803"}],"wp:term":[{"taxonomy":"category","embeddable":true,"href":"https:\/\/yoleditorial.com\/index.php\/wp-json\/wp\/v2\/categories?post=803"},{"taxonomy":"post_tag","embeddable":true,"href":"https:\/\/yoleditorial.com\/index.php\/wp-json\/wp\/v2\/tags?post=803"}],"curies":[{"name":"wp","href":"https:\/\/api.w.org\/{rel}","templated":true}]}}