{"id":847,"date":"2025-07-04T21:27:09","date_gmt":"2025-07-05T02:27:09","guid":{"rendered":"https:\/\/yoleditorial.com\/?p=847"},"modified":"2025-07-04T21:29:04","modified_gmt":"2025-07-05T02:29:04","slug":"musica-didactica-y-tecnologia","status":"publish","type":"post","link":"https:\/\/yoleditorial.com\/index.php\/2025\/07\/04\/musica-didactica-y-tecnologia\/","title":{"rendered":"M\u00fasica, Did\u00e1ctica Y Tecnolog\u00eda"},"content":{"rendered":"<p>[et_pb_section fb_built=\u00bb1&#8243; _builder_version=\u00bb4.7.7&#8243; _module_preset=\u00bbdefault\u00bb background_color=\u00bb#0a0a0a\u00bb][et_pb_row column_structure=\u00bb1_2,1_2&#8243; _builder_version=\u00bb4.7.7&#8243; _module_preset=\u00bbdefault\u00bb hover_enabled=\u00bb0&#8243; sticky_enabled=\u00bb0&#8243;][et_pb_column type=\u00bb1_2&#8243; _builder_version=\u00bb4.7.7&#8243; _module_preset=\u00bbdefault\u00bb][et_pb_image src=\u00bbhttp:\/\/yoleditorial.com\/wp-content\/uploads\/2025\/07\/LIBRO-MUSICAL-DIDACTICA-Y-TECNOLOGIA-v-003_Pagina_001.jpg\u00bb alt=\u00bbM\u00fasica, Did\u00e1ctica Y Tecnolog\u00eda\u00bb title_text=\u00bbLIBRO (MUSICAL, DIDACTICA Y TECNOLOG\u00cdA) (v-003)_P\u00e1gina_001&#8243; _builder_version=\u00bb4.7.7&#8243; _module_preset=\u00bbdefault\u00bb hover_enabled=\u00bb0&#8243; sticky_enabled=\u00bb0&#8243;][\/et_pb_image][\/et_pb_column][et_pb_column type=\u00bb1_2&#8243; _builder_version=\u00bb4.7.7&#8243; _module_preset=\u00bbdefault\u00bb][et_pb_text _builder_version=\u00bb4.7.7&#8243; _module_preset=\u00bbdefault\u00bb]<\/p>\n<h3><strong>T\u00edtulo:<\/strong><\/h3>\n<p>[\/et_pb_text][et_pb_text _builder_version=\u00bb4.7.7&#8243; _module_preset=\u00bbdefault\u00bb hover_enabled=\u00bb0&#8243; sticky_enabled=\u00bb0&#8243;]<\/p>\n<h2>M\u00daSICA, DID\u00c1CTICA Y TECNOLOG\u00cdA<\/h2>\n<p>[\/et_pb_text][et_pb_text _builder_version=\u00bb4.7.7&#8243; _module_preset=\u00bbdefault\u00bb]<\/p>\n<h3><strong>ISBN:<\/strong><\/h3>\n<p>[\/et_pb_text][et_pb_text _builder_version=\u00bb4.7.7&#8243; _module_preset=\u00bbdefault\u00bb hover_enabled=\u00bb0&#8243; sticky_enabled=\u00bb0&#8243;]<\/p>\n<h4>978-9942-567-09-3<\/h4>\n<p>[\/et_pb_text][et_pb_text _builder_version=\u00bb4.7.7&#8243; _module_preset=\u00bbdefault\u00bb]<\/p>\n<h3><strong>Cant. P\u00e1ginas:<\/strong><\/h3>\n<p>[\/et_pb_text][et_pb_text _builder_version=\u00bb4.7.7&#8243; _module_preset=\u00bbdefault\u00bb hover_enabled=\u00bb0&#8243; sticky_enabled=\u00bb0&#8243;]<\/p>\n<h4><strong>147<\/strong><\/h4>\n<p>[\/et_pb_text][et_pb_text _builder_version=\u00bb4.7.7&#8243; _module_preset=\u00bbdefault\u00bb]<\/p>\n<h3><strong>Resumen:<\/strong><\/h3>\n<p>[\/et_pb_text][et_pb_text _builder_version=\u00bb4.7.7&#8243; _module_preset=\u00bbdefault\u00bb text_font_size=\u00bb18px\u00bb hover_enabled=\u00bb0&#8243; sticky_enabled=\u00bb0&#8243;]<\/p>\n<h2 style=\"text-align: justify;\">El libro \u201cM\u00fasica, did\u00e1ctica y tecnolog\u00eda:<\/h2>\n<p style=\"text-align: justify;\">un modelo innovador para la iniciaci\u00f3n musical en la escuela\u201d nos invita a repensar el lugar que ocupa la m\u00fasica en la educaci\u00f3n b\u00e1sica, especialmente en los primeros a\u00f1os escolares en Colombia. A trav\u00e9s de una mirada cercana y reflexiva, el autor nos muestra c\u00f3mo la m\u00fasica, muchas veces olvidada en el curr\u00edculo, puede convertirse en una herramienta poderosa para el desarrollo integral de los ni\u00f1os. Con una base te\u00f3rica s\u00f3lida y bien explicada, se plantea la integraci\u00f3n de la tecnolog\u00eda como aliada para hacer del aprendizaje musical una experiencia m\u00e1s viva, sensorial y conectada con lo emocional y lo corporal.<\/p>\n<p style=\"text-align: justify;\">\n<p style=\"text-align: justify;\">En la segunda parte del libro, se presenta un modelo did\u00e1ctico concreto, dise\u00f1ado especialmente para ni\u00f1os de primer grado. Lo interesante es c\u00f3mo esta propuesta combina actividades musicales \u2014como juegos r\u00edtmicos, mel\u00f3dicos y corporales\u2014 con herramientas digitales que potencian la creatividad y el disfrute. Se parte de un diagn\u00f3stico realista de lo que ocurre en las aulas y con los docentes, para construir una propuesta \u00fatil, sencilla y sobre todo humana, en la que la relaci\u00f3n entre el maestro, el estudiante y la tecnolog\u00eda se vuelve clave para crear ambientes de aprendizaje significativos y afectivos.<\/p>\n<p style=\"text-align: justify;\">\n<p style=\"text-align: justify;\">Finalmente, el autor comparte los resultados de haber puesto en pr\u00e1ctica este modelo en contextos reales, y los hallazgos son muy positivos: no solo los estudiantes mejoraron su relaci\u00f3n con la m\u00fasica, sino que los docentes tambi\u00e9n se apropiaron de la propuesta con entusiasmo. El libro cierra con una invitaci\u00f3n a seguir explorando y ampliando este tipo de experiencias, que integran arte, tecnolog\u00eda y educaci\u00f3n con un enfoque sensible y acorde a los retos del presente.<\/p>\n<p data-start=\"95\" data-end=\"1024\" class=\"\" style=\"text-align: justify;\">\n[\/et_pb_text][et_pb_text disabled_on=\u00bbon|on|on\u00bb _builder_version=\u00bb4.7.7&#8243; _module_preset=\u00bbdefault\u00bb hover_enabled=\u00bb0&#8243; locked=\u00bboff\u00bb disabled=\u00bbon\u00bb sticky_enabled=\u00bb0&#8243;]<\/p>\n<h3><strong>Link de <a href=\"http:\/\/yoleditorial.com\/wp-content\/uploads\/2025\/07\/LIBRO-MUSICAL-DIDACTICA-Y-TECNOLOGIA-v-003.pdf\" title=\"Libro\" target=\"_blank\" rel=\"noopener noreferrer\">descarga<\/a><\/strong><\/h3>\n<p>[\/et_pb_text][\/et_pb_column][\/et_pb_row][\/et_pb_section]<\/p>\n","protected":false},"excerpt":{"rendered":"<p>El libro \u201cM\u00fasica, did\u00e1ctica y tecnolog\u00eda: un modelo innovador para la iniciaci\u00f3n musical en la escuela\u201d nos invita a repensar el lugar que ocupa la m\u00fasica en la educaci\u00f3n b\u00e1sica, especialmente en los primeros a\u00f1os escolares en Colombia. A trav\u00e9s de una mirada cercana y reflexiva, el autor nos muestra c\u00f3mo la m\u00fasica, muchas veces olvidada en el curr\u00edculo, puede convertirse en una herramienta poderosa para el desarrollo integral de los ni\u00f1os. Con una base te\u00f3rica s\u00f3lida y bien explicada, se plantea la integraci\u00f3n de la tecnolog\u00eda como aliada para hacer del aprendizaje musical una experiencia m\u00e1s viva, sensorial y conectada con lo emocional y lo corporal.<\/p>\n","protected":false},"author":2,"featured_media":849,"comment_status":"closed","ping_status":"closed","sticky":false,"template":"","format":"standard","meta":{"_et_pb_use_builder":"on","_et_pb_old_content":"","_et_gb_content_width":"","footnotes":""},"categories":[11],"tags":[12],"class_list":["post-847","post","type-post","status-publish","format-standard","has-post-thumbnail","hentry","category-libros","tag-libros"],"_links":{"self":[{"href":"https:\/\/yoleditorial.com\/index.php\/wp-json\/wp\/v2\/posts\/847","targetHints":{"allow":["GET"]}}],"collection":[{"href":"https:\/\/yoleditorial.com\/index.php\/wp-json\/wp\/v2\/posts"}],"about":[{"href":"https:\/\/yoleditorial.com\/index.php\/wp-json\/wp\/v2\/types\/post"}],"author":[{"embeddable":true,"href":"https:\/\/yoleditorial.com\/index.php\/wp-json\/wp\/v2\/users\/2"}],"replies":[{"embeddable":true,"href":"https:\/\/yoleditorial.com\/index.php\/wp-json\/wp\/v2\/comments?post=847"}],"version-history":[{"count":4,"href":"https:\/\/yoleditorial.com\/index.php\/wp-json\/wp\/v2\/posts\/847\/revisions"}],"predecessor-version":[{"id":855,"href":"https:\/\/yoleditorial.com\/index.php\/wp-json\/wp\/v2\/posts\/847\/revisions\/855"}],"wp:featuredmedia":[{"embeddable":true,"href":"https:\/\/yoleditorial.com\/index.php\/wp-json\/wp\/v2\/media\/849"}],"wp:attachment":[{"href":"https:\/\/yoleditorial.com\/index.php\/wp-json\/wp\/v2\/media?parent=847"}],"wp:term":[{"taxonomy":"category","embeddable":true,"href":"https:\/\/yoleditorial.com\/index.php\/wp-json\/wp\/v2\/categories?post=847"},{"taxonomy":"post_tag","embeddable":true,"href":"https:\/\/yoleditorial.com\/index.php\/wp-json\/wp\/v2\/tags?post=847"}],"curies":[{"name":"wp","href":"https:\/\/api.w.org\/{rel}","templated":true}]}}