{"id":859,"date":"2025-09-19T12:02:08","date_gmt":"2025-09-19T17:02:08","guid":{"rendered":"https:\/\/yoleditorial.com\/?p=859"},"modified":"2025-11-11T22:40:26","modified_gmt":"2025-11-12T03:40:26","slug":"contaminacion-ambiental-y-salud-en-el-ecuado","status":"publish","type":"post","link":"https:\/\/yoleditorial.com\/index.php\/2025\/09\/19\/contaminacion-ambiental-y-salud-en-el-ecuado\/","title":{"rendered":"Contaminaci\u00f3n Ambiental y Salud en el Ecuador"},"content":{"rendered":"<p>[et_pb_section fb_built=\u00bb1&#8243; _builder_version=\u00bb4.7.7&#8243; _module_preset=\u00bbdefault\u00bb background_color=\u00bb#0a0a0a\u00bb][et_pb_row column_structure=\u00bb1_2,1_2&#8243; _builder_version=\u00bb4.7.7&#8243; _module_preset=\u00bbdefault\u00bb][et_pb_column type=\u00bb1_2&#8243; _builder_version=\u00bb4.7.7&#8243; _module_preset=\u00bbdefault\u00bb][et_pb_image src=\u00bbhttp:\/\/yoleditorial.com\/wp-content\/uploads\/2025\/09\/Contaminacion-Ambiental-y-Salud-en-el-Ecuado-790&#215;1024.jpeg\u00bb alt=\u00bbM\u00fasica, Did\u00e1ctica Y Tecnolog\u00eda\u00bb title_text=\u00bbContaminaci\u00f3n Ambiental y Salud en el Ecuador\u00bb _builder_version=\u00bb4.7.7&#8243; _module_preset=\u00bbdefault\u00bb hover_enabled=\u00bb0&#8243; sticky_enabled=\u00bb0&#8243;][\/et_pb_image][\/et_pb_column][et_pb_column type=\u00bb1_2&#8243; _builder_version=\u00bb4.7.7&#8243; _module_preset=\u00bbdefault\u00bb][et_pb_text _builder_version=\u00bb4.7.7&#8243; _module_preset=\u00bbdefault\u00bb]<\/p>\n<h3><strong>T\u00edtulo:<\/strong><\/h3>\n<p>[\/et_pb_text][et_pb_text _builder_version=\u00bb4.7.7&#8243; _module_preset=\u00bbdefault\u00bb]<\/p>\n<h2>Contaminaci\u00f3n Ambiental y Salud en el Ecuador<\/h2>\n<p>[\/et_pb_text][et_pb_text _builder_version=\u00bb4.7.7&#8243; _module_preset=\u00bbdefault\u00bb]<\/p>\n<h3><strong>ISBN:<\/strong><\/h3>\n<p>[\/et_pb_text][et_pb_text _builder_version=\u00bb4.7.7&#8243; _module_preset=\u00bbdefault\u00bb]<\/p>\n<h4>978-9942-567-15-4<\/h4>\n<p>[\/et_pb_text][et_pb_text _builder_version=\u00bb4.7.7&#8243; _module_preset=\u00bbdefault\u00bb]<\/p>\n<h3><strong>Cant. P\u00e1ginas:<\/strong><\/h3>\n<p>[\/et_pb_text][et_pb_text _builder_version=\u00bb4.7.7&#8243; _module_preset=\u00bbdefault\u00bb]<\/p>\n<h4><strong>282<\/strong><\/h4>\n<p>[\/et_pb_text][et_pb_text _builder_version=\u00bb4.7.7&#8243; _module_preset=\u00bbdefault\u00bb]<\/p>\n<h3><strong>Resumen:<\/strong><\/h3>\n<p>[\/et_pb_text][et_pb_text _builder_version=\u00bb4.7.7&#8243; _module_preset=\u00bbdefault\u00bb text_font_size=\u00bb18px\u00bb]<\/p>\n<h2 style=\"text-align: justify;\">El libro \u201c Contaminaci\u00f3n Ambiental y Salud en el Ecuado:<\/h2>\n<p><span>Este libro, desarrollado por un grupo de doctores, m\u00e9dicos y estudiantes de medicina en Ecuador bajo la direcci\u00f3n de Miguel D\u00edaz \u00c1lava y Diana Laz Saltos, constituye un an\u00e1lisis integral sobre la evoluci\u00f3n de la contaminaci\u00f3n y su impacto directo en la salud y la biodiversidad. A partir de un recorrido hist\u00f3rico, desde la contaminaci\u00f3n natural de la era primitiva hasta la actual crisis ambiental global, se evidencia c\u00f3mo los procesos econ\u00f3micos, industriales y sociales han transformado el entorno y generado una amenaza creciente para la sostenibilidad del planeta.<\/span><\/p>\n<p><span>El texto ofrece un enfoque espec\u00edfico sobre la realidad ecuatoriana, resaltando la riqueza biol\u00f3gica del pa\u00eds, su alto endemismo y la problem\u00e1tica del d\u00e9ficit ecol\u00f3gico, que refleja la sobreexplotaci\u00f3n de los recursos naturales y sus consecuencias sociales, ambientales y sanitarias. Se abordan de manera detallada los principales tipos de contaminaci\u00f3n \u2014agua, aire y suelo\u2014, sus fuentes, los riesgos asociados a la gesti\u00f3n deficiente de residuos s\u00f3lidos y los impactos graves de la contaminaci\u00f3n petrolera en la Amazon\u00eda, con \u00e9nfasis en la vulneraci\u00f3n de derechos humanos y la degradaci\u00f3n ecosist\u00e9mica.<\/span><\/p>\n<p><span>En el \u00e1mbito de la salud, los cap\u00edtulos centrales muestran con rigor cient\u00edfico c\u00f3mo la exposici\u00f3n a contaminantes est\u00e1 vinculada con enfermedades respiratorias, cardiovasculares, digestivas, endocrinas, hematol\u00f3gicas, inmunol\u00f3gicas y diversos tipos de c\u00e1ncer. Estos apartados explican los mecanismos fisiol\u00f3gicos y cl\u00ednicos del da\u00f1o, revelando la estrecha relaci\u00f3n entre ambiente deteriorado y salud p\u00fablica, as\u00ed como el aumento de la vulnerabilidad en grupos espec\u00edficos como ni\u00f1os, adultos mayores y comunidades rurales.<\/span><\/p>\n<p><span>Finalmente, la obra plantea conclusiones y recomendaciones orientadas a fortalecer la investigaci\u00f3n cient\u00edfica, la educaci\u00f3n ambiental y la formulaci\u00f3n de pol\u00edticas p\u00fablicas sostenibles. Se destaca la urgencia de proteger la biodiversidad ecuatoriana, garantizar el acceso a una salud integral y fomentar una conciencia social que priorice el cuidado del ambiente. En este sentido, el libro se convierte en una herramienta estrat\u00e9gica para el Ecuador actual, donde la preservaci\u00f3n del entorno y la salud de la poblaci\u00f3n son condiciones esenciales para el desarrollo y la justicia ambiental.<\/span><\/p>\n<p>&nbsp;<\/p>\n<p>[\/et_pb_text][et_pb_text disabled_on=\u00bbon|on|on\u00bb _builder_version=\u00bb4.7.7&#8243; _module_preset=\u00bbdefault\u00bb link_option_url=\u00bbhttps:\/\/ppls.me\/1wxwz3E8B8luSr7nboioyg \u00bb disabled=\u00bbon\u00bb locked=\u00bboff\u00bb]<\/p>\n<h3><strong>Link de <a href=\"http:\/\/yoleditorial.com\/wp-content\/uploads\/2025\/07\/LIBRO-MUSICAL-DIDACTICA-Y-TECNOLOGIA-v-003.pdf\" title=\"Libro\" target=\"_blank\" rel=\"noopener noreferrer\">descarga<\/a><\/strong><\/h3>\n<p>[\/et_pb_text][\/et_pb_column][\/et_pb_row][\/et_pb_section]<\/p>\n","protected":false},"excerpt":{"rendered":"<p>Este libro, desarrollado por un grupo de doctores, m\u00e9dicos y estudiantes de medicina en Ecuador bajo la direcci\u00f3n de Miguel D\u00edaz \u00c1lava y Diana Laz Saltos, constituye un an\u00e1lisis integral sobre la evoluci\u00f3n de la contaminaci\u00f3n y su impacto directo en la salud y la biodiversidad. A partir de un recorrido hist\u00f3rico, desde la contaminaci\u00f3n natural de la era primitiva hasta la actual crisis ambiental global, se evidencia c\u00f3mo los procesos econ\u00f3micos, industriales y sociales han transformado el entorno y generado una amenaza creciente para la sostenibilidad del planeta.<\/p>\n","protected":false},"author":1,"featured_media":860,"comment_status":"closed","ping_status":"closed","sticky":false,"template":"","format":"standard","meta":{"_et_pb_use_builder":"on","_et_pb_old_content":"","_et_gb_content_width":"","footnotes":""},"categories":[11],"tags":[12],"class_list":["post-859","post","type-post","status-publish","format-standard","has-post-thumbnail","hentry","category-libros","tag-libros"],"_links":{"self":[{"href":"https:\/\/yoleditorial.com\/index.php\/wp-json\/wp\/v2\/posts\/859","targetHints":{"allow":["GET"]}}],"collection":[{"href":"https:\/\/yoleditorial.com\/index.php\/wp-json\/wp\/v2\/posts"}],"about":[{"href":"https:\/\/yoleditorial.com\/index.php\/wp-json\/wp\/v2\/types\/post"}],"author":[{"embeddable":true,"href":"https:\/\/yoleditorial.com\/index.php\/wp-json\/wp\/v2\/users\/1"}],"replies":[{"embeddable":true,"href":"https:\/\/yoleditorial.com\/index.php\/wp-json\/wp\/v2\/comments?post=859"}],"version-history":[{"count":8,"href":"https:\/\/yoleditorial.com\/index.php\/wp-json\/wp\/v2\/posts\/859\/revisions"}],"predecessor-version":[{"id":915,"href":"https:\/\/yoleditorial.com\/index.php\/wp-json\/wp\/v2\/posts\/859\/revisions\/915"}],"wp:featuredmedia":[{"embeddable":true,"href":"https:\/\/yoleditorial.com\/index.php\/wp-json\/wp\/v2\/media\/860"}],"wp:attachment":[{"href":"https:\/\/yoleditorial.com\/index.php\/wp-json\/wp\/v2\/media?parent=859"}],"wp:term":[{"taxonomy":"category","embeddable":true,"href":"https:\/\/yoleditorial.com\/index.php\/wp-json\/wp\/v2\/categories?post=859"},{"taxonomy":"post_tag","embeddable":true,"href":"https:\/\/yoleditorial.com\/index.php\/wp-json\/wp\/v2\/tags?post=859"}],"curies":[{"name":"wp","href":"https:\/\/api.w.org\/{rel}","templated":true}]}}