{"id":892,"date":"2025-11-11T21:11:30","date_gmt":"2025-11-12T02:11:30","guid":{"rendered":"https:\/\/yoleditorial.com\/?p=892"},"modified":"2025-11-11T22:41:13","modified_gmt":"2025-11-12T03:41:13","slug":"la-investigacion-cientifica-como-motor-de-desarrollo-en-la-educacion-superior","status":"publish","type":"post","link":"https:\/\/yoleditorial.com\/index.php\/2025\/11\/11\/la-investigacion-cientifica-como-motor-de-desarrollo-en-la-educacion-superior\/","title":{"rendered":"La investigaci\u00f3n cient\u00edfica como motor de desarrollo en la educaci\u00f3n superior"},"content":{"rendered":"<p>[et_pb_section fb_built=\u00bb1&#8243; _builder_version=\u00bb4.7.7&#8243; _module_preset=\u00bbdefault\u00bb background_color=\u00bb#0a0a0a\u00bb][et_pb_row column_structure=\u00bb1_2,1_2&#8243; _builder_version=\u00bb4.7.7&#8243; _module_preset=\u00bbdefault\u00bb][et_pb_column type=\u00bb1_2&#8243; _builder_version=\u00bb4.7.7&#8243; _module_preset=\u00bbdefault\u00bb][et_pb_image src=\u00bbhttp:\/\/yoleditorial.com\/wp-content\/uploads\/2025\/11\/Portada-La-investigacion-cientifica-15-x-21-cm-731&#215;1024.png\u00bb alt=\u00bbM\u00fasica, Did\u00e1ctica Y Tecnolog\u00eda\u00bb title_text=\u00bbPortada (La investigaci\u00f3n cient\u00edfica) (15 x 21 cm)\u00bb _builder_version=\u00bb4.7.7&#8243; _module_preset=\u00bbdefault\u00bb][\/et_pb_image][\/et_pb_column][et_pb_column type=\u00bb1_2&#8243; _builder_version=\u00bb4.7.7&#8243; _module_preset=\u00bbdefault\u00bb][et_pb_text _builder_version=\u00bb4.7.7&#8243; _module_preset=\u00bbdefault\u00bb]<\/p>\n<h3><strong>T\u00edtulo:<\/strong><\/h3>\n<p>[\/et_pb_text][et_pb_text _builder_version=\u00bb4.7.7&#8243; _module_preset=\u00bbdefault\u00bb]<\/p>\n<h2><span><strong>La investigaci\u00f3n cient\u00edfica como motor de desarrollo en la educaci\u00f3n superior<\/strong><\/span><\/h2>\n<p>[\/et_pb_text][et_pb_text _builder_version=\u00bb4.7.7&#8243; _module_preset=\u00bbdefault\u00bb]<\/p>\n<h3><strong>ISBN:<\/strong><\/h3>\n<p>[\/et_pb_text][et_pb_text _builder_version=\u00bb4.7.7&#8243; _module_preset=\u00bbdefault\u00bb]<\/p>\n<h4>978-9942-567-19-2<\/h4>\n<p>[\/et_pb_text][et_pb_text _builder_version=\u00bb4.7.7&#8243; _module_preset=\u00bbdefault\u00bb]<\/p>\n<h3><strong>Cant. P\u00e1ginas:<\/strong><\/h3>\n<p>[\/et_pb_text][et_pb_text _builder_version=\u00bb4.7.7&#8243; _module_preset=\u00bbdefault\u00bb]<\/p>\n<h4>123<\/h4>\n<p>[\/et_pb_text][et_pb_text _builder_version=\u00bb4.7.7&#8243; _module_preset=\u00bbdefault\u00bb]<\/p>\n<h3><strong>Resumen:<\/strong><\/h3>\n<p>[\/et_pb_text][et_pb_text _builder_version=\u00bb4.7.7&#8243; _module_preset=\u00bbdefault\u00bb text_font_size=\u00bb18px\u00bb]<\/p>\n<p><span>El libro <strong>La investigaci\u00f3n cient\u00edfica como motor de desarrollo en la educaci\u00f3n superior<\/strong> presenta una reflexi\u00f3n profunda sobre el papel central que cumple la investigaci\u00f3n dentro de la universidad contempor\u00e1nea. En su primer cap\u00edtulo, los autores abordan los fundamentos te\u00f3ricos y el prop\u00f3sito de la investigaci\u00f3n universitaria, destacando su funci\u00f3n como herramienta de transformaci\u00f3n social y profesional. A trav\u00e9s de la revisi\u00f3n bibliogr\u00e1fica y la elaboraci\u00f3n de s\u00edntesis cr\u00edticas, se resalta la figura del docente-investigador como agente clave en la generaci\u00f3n de conocimiento y en la vinculaci\u00f3n entre la teor\u00eda y la pr\u00e1ctica. El cap\u00edtulo concluye con un marco conceptual s\u00f3lido y ejemplos pr\u00e1cticos que ilustran c\u00f3mo la investigaci\u00f3n aplicada puede contribuir al desarrollo institucional y al cambio educativo.<\/span><\/p>\n<p><span>El segundo cap\u00edtulo se centra en las metodolog\u00edas y pr\u00e1cticas de investigaci\u00f3n en distintas disciplinas, promoviendo una mirada plural e interdisciplinaria. Los autores analizan los enfoques cualitativo, cuantitativo y mixto, exponiendo sus ventajas, limitaciones y posibilidades de integraci\u00f3n. A partir de estudios de caso aplicados a \u00e1reas como las ciencias sociales, la salud, la ingenier\u00eda y las humanidades, se muestra c\u00f3mo la investigaci\u00f3n puede convertirse en un laboratorio pedag\u00f3gico dentro del aula. El trabajo colaborativo permite construir propuestas innovadoras que integran la investigaci\u00f3n con la docencia, fortaleciendo as\u00ed las competencias cient\u00edficas de docentes y estudiantes.<\/span><\/p>\n<p><span>Finalmente, el tercer cap\u00edtulo explora la relaci\u00f3n entre investigaci\u00f3n, innovaci\u00f3n y desarrollo institucional. Se destaca el Aprendizaje-Servicio (APS) como estrategia que conecta la producci\u00f3n cient\u00edfica con la responsabilidad social universitaria, adem\u00e1s del papel emergente de la inteligencia artificial en la publicaci\u00f3n y transferencia del conocimiento. La obra culmina con una reflexi\u00f3n colectiva sobre la cultura investigativa y la necesidad de fomentar una universidad transformadora, abierta a la colaboraci\u00f3n, la \u00e9tica y la innovaci\u00f3n. Este cap\u00edtulo sintetiza las propuestas y manifiestos que buscan consolidar la investigaci\u00f3n cient\u00edfica como el verdadero motor del desarrollo sostenible en la educaci\u00f3n superior.<\/span><\/p>\n<p>&nbsp;<\/p>\n<p>[\/et_pb_text][et_pb_text disabled_on=\u00bbon|on|on\u00bb _builder_version=\u00bb4.7.7&#8243; _module_preset=\u00bbdefault\u00bb link_option_url=\u00bbhttps:\/\/ppls.me\/1wxwz3E8B8luSr7nboioyg \u00bb disabled=\u00bbon\u00bb locked=\u00bboff\u00bb]<\/p>\n<h3><strong>Link de <a href=\"http:\/\/yoleditorial.com\/wp-content\/uploads\/2025\/07\/LIBRO-MUSICAL-DIDACTICA-Y-TECNOLOGIA-v-003.pdf\" title=\"Libro\" target=\"_blank\" rel=\"noopener noreferrer\">descarga<\/a><\/strong><\/h3>\n<p>[\/et_pb_text][\/et_pb_column][\/et_pb_row][\/et_pb_section]<\/p>\n","protected":false},"excerpt":{"rendered":"<p>Este libro, desarrollado por un grupo de doctores, m\u00e9dicos y estudiantes de medicina en Ecuador bajo la direcci\u00f3n de Miguel D\u00edaz \u00c1lava y Diana Laz Saltos, constituye un an\u00e1lisis integral sobre la evoluci\u00f3n de la contaminaci\u00f3n y su impacto directo en la salud y la biodiversidad. A partir de un recorrido hist\u00f3rico, desde la contaminaci\u00f3n natural de la era primitiva hasta la actual crisis ambiental global, se evidencia c\u00f3mo los procesos econ\u00f3micos, industriales y sociales han transformado el entorno y generado una amenaza creciente para la sostenibilidad del planeta.<\/p>\n","protected":false},"author":1,"featured_media":894,"comment_status":"closed","ping_status":"closed","sticky":false,"template":"","format":"standard","meta":{"_et_pb_use_builder":"on","_et_pb_old_content":"","_et_gb_content_width":"","footnotes":""},"categories":[11],"tags":[12],"class_list":["post-892","post","type-post","status-publish","format-standard","has-post-thumbnail","hentry","category-libros","tag-libros"],"_links":{"self":[{"href":"https:\/\/yoleditorial.com\/index.php\/wp-json\/wp\/v2\/posts\/892","targetHints":{"allow":["GET"]}}],"collection":[{"href":"https:\/\/yoleditorial.com\/index.php\/wp-json\/wp\/v2\/posts"}],"about":[{"href":"https:\/\/yoleditorial.com\/index.php\/wp-json\/wp\/v2\/types\/post"}],"author":[{"embeddable":true,"href":"https:\/\/yoleditorial.com\/index.php\/wp-json\/wp\/v2\/users\/1"}],"replies":[{"embeddable":true,"href":"https:\/\/yoleditorial.com\/index.php\/wp-json\/wp\/v2\/comments?post=892"}],"version-history":[{"count":4,"href":"https:\/\/yoleditorial.com\/index.php\/wp-json\/wp\/v2\/posts\/892\/revisions"}],"predecessor-version":[{"id":916,"href":"https:\/\/yoleditorial.com\/index.php\/wp-json\/wp\/v2\/posts\/892\/revisions\/916"}],"wp:featuredmedia":[{"embeddable":true,"href":"https:\/\/yoleditorial.com\/index.php\/wp-json\/wp\/v2\/media\/894"}],"wp:attachment":[{"href":"https:\/\/yoleditorial.com\/index.php\/wp-json\/wp\/v2\/media?parent=892"}],"wp:term":[{"taxonomy":"category","embeddable":true,"href":"https:\/\/yoleditorial.com\/index.php\/wp-json\/wp\/v2\/categories?post=892"},{"taxonomy":"post_tag","embeddable":true,"href":"https:\/\/yoleditorial.com\/index.php\/wp-json\/wp\/v2\/tags?post=892"}],"curies":[{"name":"wp","href":"https:\/\/api.w.org\/{rel}","templated":true}]}}