{"id":933,"date":"2025-11-17T11:42:21","date_gmt":"2025-11-17T16:42:21","guid":{"rendered":"https:\/\/yoleditorial.com\/?p=933"},"modified":"2025-11-17T12:01:38","modified_gmt":"2025-11-17T17:01:38","slug":"formacion-continua-en-la-educacion-superior-innovacion-y-empleabilidad-para-toda-la-vida-2","status":"publish","type":"post","link":"https:\/\/yoleditorial.com\/index.php\/2025\/11\/17\/formacion-continua-en-la-educacion-superior-innovacion-y-empleabilidad-para-toda-la-vida-2\/","title":{"rendered":"Transformaci\u00f3n estrat\u00e9gica de la educaci\u00f3n superior: Desaf\u00edo 4.0"},"content":{"rendered":"<p>[et_pb_section fb_built=\u00bb1&#8243; _builder_version=\u00bb4.7.7&#8243; _module_preset=\u00bbdefault\u00bb background_color=\u00bb#0a0a0a\u00bb][et_pb_row column_structure=\u00bb1_2,1_2&#8243; _builder_version=\u00bb4.7.7&#8243; _module_preset=\u00bbdefault\u00bb][et_pb_column type=\u00bb1_2&#8243; _builder_version=\u00bb4.7.7&#8243; _module_preset=\u00bbdefault\u00bb][et_pb_image src=\u00bbhttp:\/\/yoleditorial.com\/wp-content\/uploads\/2025\/11\/TRANSFORMACION-ESTRATEGICA-15-x-21-cm-1.png\u00bb alt=\u00bbTransformaci\u00f3n estrat\u00e9gica de la educaci\u00f3n superior\u00bb title_text=\u00bbTRANSFORMACION ESTRAT\u00c9GICA (15 x 21 cm) (1)\u00bb _builder_version=\u00bb4.7.7&#8243; _module_preset=\u00bbdefault\u00bb][\/et_pb_image][\/et_pb_column][et_pb_column type=\u00bb1_2&#8243; _builder_version=\u00bb4.7.7&#8243; _module_preset=\u00bbdefault\u00bb][et_pb_text _builder_version=\u00bb4.7.7&#8243; _module_preset=\u00bbdefault\u00bb]<\/p>\n<h3><strong>T\u00edtulo:<\/strong><\/h3>\n<p>[\/et_pb_text][et_pb_text _builder_version=\u00bb4.7.7&#8243; _module_preset=\u00bbdefault\u00bb]<\/p>\n<h1><strong>Transformaci\u00f3n estrat\u00e9gica de la educaci\u00f3n superior: Desaf\u00edo 4.0<\/strong><\/h1>\n<p>[\/et_pb_text][et_pb_text _builder_version=\u00bb4.7.7&#8243; _module_preset=\u00bbdefault\u00bb]<\/p>\n<h3><strong>ISBN:<\/strong><\/h3>\n<p>[\/et_pb_text][et_pb_text _builder_version=\u00bb4.7.7&#8243; _module_preset=\u00bbdefault\u00bb]<\/p>\n<h4>978-9942-567-21-5<\/h4>\n<p>[\/et_pb_text][et_pb_text _builder_version=\u00bb4.7.7&#8243; _module_preset=\u00bbdefault\u00bb]<\/p>\n<h3><strong>Cant. P\u00e1ginas:<\/strong><\/h3>\n<p>[\/et_pb_text][et_pb_text _builder_version=\u00bb4.7.7&#8243; _module_preset=\u00bbdefault\u00bb hover_enabled=\u00bb0&#8243; sticky_enabled=\u00bb0&#8243;]<\/p>\n<h4>160<\/h4>\n<p>[\/et_pb_text][et_pb_text _builder_version=\u00bb4.7.7&#8243; _module_preset=\u00bbdefault\u00bb]<\/p>\n<h3><strong>Resumen:<\/strong><\/h3>\n<p>[\/et_pb_text][et_pb_text _builder_version=\u00bb4.7.7&#8243; _module_preset=\u00bbdefault\u00bb text_font_size=\u00bb18px\u00bb]<\/p>\n<p><span>El libro Transformaci\u00f3n estrat\u00e9gica de la Educaci\u00f3n Superior: desaf\u00edo 4.0 analiza el papel de las universidades en un contexto global profundamente influenciado por la sociedad del conocimiento, la digitalizaci\u00f3n y la Cuarta Revoluci\u00f3n Industrial. Desde una perspectiva cr\u00edtica y prospectiva, la obra destaca c\u00f3mo la globalizaci\u00f3n y las tecnolog\u00edas emergentes han redefinido las din\u00e1micas educativas, la movilidad acad\u00e9mica y la internacionalizaci\u00f3n de la ense\u00f1anza superior. En su primer cap\u00edtulo, se reflexiona sobre el tr\u00e1nsito de la econom\u00eda industrial hacia la econom\u00eda digital, abordando el impacto de las TIC, las brechas digitales y la aparici\u00f3n de nuevos paradigmas pedag\u00f3gicos que demandan una educaci\u00f3n m\u00e1s equitativa, flexible e inclusiva.<\/span><\/p>\n<p><span>En el segundo cap\u00edtulo, el texto se centra en los efectos de la Revoluci\u00f3n 4.0 sobre la educaci\u00f3n universitaria, examinando la automatizaci\u00f3n, la inteligencia artificial y el big data como factores que transforman los m\u00e9todos de ense\u00f1anza, las profesiones y las competencias requeridas por el mercado laboral contempor\u00e1neo. Las universidades se presentan como espacios h\u00edbridos \u2014entre lo presencial y lo virtual\u2014 y como n\u00facleos de innovaci\u00f3n capaces de transferir conocimiento a la sociedad mediante la investigaci\u00f3n aplicada, el emprendimiento acad\u00e9mico y los ecosistemas colaborativos entre universidad, empresa y Estado. Este enfoque subraya la importancia de fortalecer la funci\u00f3n social de la educaci\u00f3n superior a trav\u00e9s de la ciencia, la tecnolog\u00eda y la innovaci\u00f3n.<\/span><\/p>\n<p><span>Finalmente, el tercer cap\u00edtulo plantea estrategias concretas para orientar la transformaci\u00f3n de la educaci\u00f3n superior hacia un modelo de universidad 4.0. Se promueve la adopci\u00f3n del modelo de la triple h\u00e9lice \u2014sociedad, empresa y universidad\u2014 como motor de desarrollo sostenible, as\u00ed como la creaci\u00f3n de alianzas p\u00fablico-privadas y redes internacionales que impulsen la cooperaci\u00f3n acad\u00e9mica. La obra concluye con una hoja de ruta estrat\u00e9gica que integra inteligencia artificial, pedagog\u00edas digitales y plataformas colaborativas, proyectando una universidad adaptativa, \u00e9tica y comprometida con los desaf\u00edos globales del siglo XXI.<\/span><\/p>\n<p>&nbsp;<\/p>\n<p>[\/et_pb_text][et_pb_text disabled_on=\u00bbon|on|on\u00bb _builder_version=\u00bb4.7.7&#8243; _module_preset=\u00bbdefault\u00bb link_option_url=\u00bbhttps:\/\/ppls.me\/1wxwz3E8B8luSr7nboioyg \u00bb disabled=\u00bbon\u00bb locked=\u00bboff\u00bb]<\/p>\n<h3><strong>Link de <a href=\"http:\/\/yoleditorial.com\/wp-content\/uploads\/2025\/07\/LIBRO-MUSICAL-DIDACTICA-Y-TECNOLOGIA-v-003.pdf\" title=\"Libro\" target=\"_blank\" rel=\"noopener noreferrer\">descarga<\/a><\/strong><\/h3>\n<p>[\/et_pb_text][\/et_pb_column][\/et_pb_row][\/et_pb_section]<\/p>\n","protected":false},"excerpt":{"rendered":"<p>El libro Transformaci\u00f3n estrat\u00e9gica de la Educaci\u00f3n Superior: desaf\u00edo 4.0 analiza el papel de las universidades en un contexto global profundamente influenciado por la sociedad del conocimiento, la digitalizaci\u00f3n y la Cuarta Revoluci\u00f3n Industrial. Desde una perspectiva cr\u00edtica y prospectiva, la obra destaca c\u00f3mo la globalizaci\u00f3n y las tecnolog\u00edas emergentes han redefinido las din\u00e1micas educativas, la movilidad acad\u00e9mica y la internacionalizaci\u00f3n de la ense\u00f1anza superior. En su primer cap\u00edtulo, se reflexiona sobre el tr\u00e1nsito de la econom\u00eda industrial hacia la econom\u00eda digital, abordando el impacto de las TIC, las brechas digitales y la aparici\u00f3n de nuevos paradigmas pedag\u00f3gicos que demandan una educaci\u00f3n m\u00e1s equitativa, flexible e inclusiva.<\/p>\n","protected":false},"author":1,"featured_media":938,"comment_status":"closed","ping_status":"closed","sticky":false,"template":"","format":"standard","meta":{"_et_pb_use_builder":"on","_et_pb_old_content":"","_et_gb_content_width":"","footnotes":""},"categories":[11],"tags":[12],"class_list":["post-933","post","type-post","status-publish","format-standard","has-post-thumbnail","hentry","category-libros","tag-libros"],"_links":{"self":[{"href":"https:\/\/yoleditorial.com\/index.php\/wp-json\/wp\/v2\/posts\/933","targetHints":{"allow":["GET"]}}],"collection":[{"href":"https:\/\/yoleditorial.com\/index.php\/wp-json\/wp\/v2\/posts"}],"about":[{"href":"https:\/\/yoleditorial.com\/index.php\/wp-json\/wp\/v2\/types\/post"}],"author":[{"embeddable":true,"href":"https:\/\/yoleditorial.com\/index.php\/wp-json\/wp\/v2\/users\/1"}],"replies":[{"embeddable":true,"href":"https:\/\/yoleditorial.com\/index.php\/wp-json\/wp\/v2\/comments?post=933"}],"version-history":[{"count":4,"href":"https:\/\/yoleditorial.com\/index.php\/wp-json\/wp\/v2\/posts\/933\/revisions"}],"predecessor-version":[{"id":950,"href":"https:\/\/yoleditorial.com\/index.php\/wp-json\/wp\/v2\/posts\/933\/revisions\/950"}],"wp:featuredmedia":[{"embeddable":true,"href":"https:\/\/yoleditorial.com\/index.php\/wp-json\/wp\/v2\/media\/938"}],"wp:attachment":[{"href":"https:\/\/yoleditorial.com\/index.php\/wp-json\/wp\/v2\/media?parent=933"}],"wp:term":[{"taxonomy":"category","embeddable":true,"href":"https:\/\/yoleditorial.com\/index.php\/wp-json\/wp\/v2\/categories?post=933"},{"taxonomy":"post_tag","embeddable":true,"href":"https:\/\/yoleditorial.com\/index.php\/wp-json\/wp\/v2\/tags?post=933"}],"curies":[{"name":"wp","href":"https:\/\/api.w.org\/{rel}","templated":true}]}}