{"id":943,"date":"2025-11-17T12:00:03","date_gmt":"2025-11-17T17:00:03","guid":{"rendered":"https:\/\/yoleditorial.com\/?p=943"},"modified":"2025-11-17T12:02:14","modified_gmt":"2025-11-17T17:02:14","slug":"transformacion-estrategica-de-la-educacion-superior-desafio-4-0","status":"publish","type":"post","link":"https:\/\/yoleditorial.com\/index.php\/2025\/11\/17\/transformacion-estrategica-de-la-educacion-superior-desafio-4-0\/","title":{"rendered":"Infancia en conflicto: an\u00e1lisis jur\u00eddico y social de los menores infractores en el ecuador"},"content":{"rendered":"<p>[et_pb_section fb_built=\u00bb1&#8243; _builder_version=\u00bb4.7.7&#8243; _module_preset=\u00bbdefault\u00bb background_color=\u00bb#0a0a0a\u00bb][et_pb_row column_structure=\u00bb1_2,1_2&#8243; _builder_version=\u00bb4.7.7&#8243; _module_preset=\u00bbdefault\u00bb][et_pb_column type=\u00bb1_2&#8243; _builder_version=\u00bb4.7.7&#8243; _module_preset=\u00bbdefault\u00bb][et_pb_image src=\u00bbhttp:\/\/yoleditorial.com\/wp-content\/uploads\/2025\/11\/PORTADA-LIBRO-INFANCIA-EN-CONFLICTO-2.png\u00bb alt=\u00bbInfancia en conflicto: an\u00e1lisis jur\u00eddico y social de los menores infractores en el Ecuador\u00bb title_text=\u00bbInfancia en conflicto: an\u00e1lisis jur\u00eddico y social de los menores infractores en el Ecuador\u00bb _builder_version=\u00bb4.7.7&#8243; _module_preset=\u00bbdefault\u00bb hover_enabled=\u00bb0&#8243; sticky_enabled=\u00bb0&#8243;][\/et_pb_image][\/et_pb_column][et_pb_column type=\u00bb1_2&#8243; _builder_version=\u00bb4.7.7&#8243; _module_preset=\u00bbdefault\u00bb][et_pb_text _builder_version=\u00bb4.7.7&#8243; _module_preset=\u00bbdefault\u00bb]<\/p>\n<h3><strong>T\u00edtulo:<\/strong><\/h3>\n<p>[\/et_pb_text][et_pb_text _builder_version=\u00bb4.7.7&#8243; _module_preset=\u00bbdefault\u00bb]<\/p>\n<h1><strong><span>Infancia en conflicto: an\u00e1lisis jur\u00eddico y social de los menores infractores en el Ecuador<\/span><\/strong><\/h1>\n<p>[\/et_pb_text][et_pb_text _builder_version=\u00bb4.7.7&#8243; _module_preset=\u00bbdefault\u00bb hover_enabled=\u00bb0&#8243; sticky_enabled=\u00bb0&#8243;]<\/p>\n<h3><strong>ISBN:<\/strong><\/h3>\n<p>[\/et_pb_text][et_pb_text _builder_version=\u00bb4.7.7&#8243; _module_preset=\u00bbdefault\u00bb]<\/p>\n<h4>978-9942-675-13-0<\/h4>\n<p>[\/et_pb_text][et_pb_text _builder_version=\u00bb4.7.7&#8243; _module_preset=\u00bbdefault\u00bb]<\/p>\n<h3><strong>Cant. P\u00e1ginas:<\/strong><\/h3>\n<p>[\/et_pb_text][et_pb_text _builder_version=\u00bb4.7.7&#8243; _module_preset=\u00bbdefault\u00bb hover_enabled=\u00bb0&#8243; sticky_enabled=\u00bb0&#8243;]<\/p>\n<h4>133<\/h4>\n<p>[\/et_pb_text][et_pb_text _builder_version=\u00bb4.7.7&#8243; _module_preset=\u00bbdefault\u00bb]<\/p>\n<h3><strong>Resumen:<\/strong><\/h3>\n<p>[\/et_pb_text][et_pb_text _builder_version=\u00bb4.7.7&#8243; _module_preset=\u00bbdefault\u00bb text_font_size=\u00bb18px\u00bb]<\/p>\n<p><span><\/span><\/p>\n<p><span>Este libro ofrece un an\u00e1lisis profundo y cr\u00edtico de la situaci\u00f3n de los ni\u00f1os, ni\u00f1as y adolescentes en conflicto con la ley penal en el contexto ecuatoriano. A trav\u00e9s de una mirada jur\u00eddica, social y psicol\u00f3gica, se examinan las condiciones estructurales que dan origen a las conductas antisociales, las fallas institucionales del sistema de protecci\u00f3n y las respuestas \u2014muchas veces insuficientes o punitivas\u2014 del aparato estatal. El texto destaca el rol del Estado, la familia, la sociedad y el sistema educativo en la configuraci\u00f3n de escenarios de riesgo, as\u00ed como en la obligaci\u00f3n de garantizar la restituci\u00f3n integral de derechos.<\/span><\/p>\n<p><span>Dividido en cuatro cap\u00edtulos, el libro aborda con claridad conceptual y rigor normativo la realidad del menor ante la sociedad ecuatoriana, las causas que lo empujan a la transgresi\u00f3n, el funcionamiento de los sistemas de internamiento, y las estrategias de tratamiento y prevenci\u00f3n. Desde una perspectiva centrada en el ni\u00f1o como sujeto pleno de derechos, se cuestionan las pr\u00e1cticas institucionales que priorizan el encierro por sobre las medidas restaurativas, y se proponen rutas de intervenci\u00f3n m\u00e1s humanas, inclusivas y respetuosas del inter\u00e9s superior del menor.<\/span><\/p>\n<p><span>Dirigida a profesionales del derecho, operadores del sistema judicial, educadores, trabajadores sociales y responsables de pol\u00edticas p\u00fablicas, esta obra constituye un aporte relevante al debate sobre la justicia juvenil en Ecuador. Su lectura invita a reflexionar sobre la urgente necesidad de construir un sistema de protecci\u00f3n m\u00e1s justo, garantista y eficaz, que no castigue la pobreza o el abandono, sino que act\u00fae sobre las causas reales que vulneran los derechos de nuestra infancia y adolescencia.<\/span><\/p>\n<p>&nbsp;<\/p>\n<p>&nbsp;<\/p>\n<p>&nbsp;<\/p>\n<p>[\/et_pb_text][et_pb_text disabled_on=\u00bbon|on|on\u00bb _builder_version=\u00bb4.7.7&#8243; _module_preset=\u00bbdefault\u00bb link_option_url=\u00bbhttps:\/\/ppls.me\/1wxwz3E8B8luSr7nboioyg \u00bb disabled=\u00bbon\u00bb locked=\u00bboff\u00bb]<\/p>\n<h3><strong>Link de <a href=\"http:\/\/yoleditorial.com\/wp-content\/uploads\/2025\/07\/LIBRO-MUSICAL-DIDACTICA-Y-TECNOLOGIA-v-003.pdf\" title=\"Libro\" target=\"_blank\" rel=\"noopener noreferrer\">descarga<\/a><\/strong><\/h3>\n<p>[\/et_pb_text][\/et_pb_column][\/et_pb_row][\/et_pb_section]<\/p>\n","protected":false},"excerpt":{"rendered":"<p>Este libro ofrece un an\u00e1lisis profundo y cr\u00edtico de la situaci\u00f3n de los ni\u00f1os, ni\u00f1as y adolescentes en conflicto con la ley penal en el contexto ecuatoriano. A trav\u00e9s de una mirada jur\u00eddica, social y psicol\u00f3gica, se examinan las condiciones estructurales que dan origen a las conductas antisociales, las fallas institucionales del sistema de protecci\u00f3n y las respuestas \u2014muchas veces insuficientes o punitivas\u2014 del aparato estatal. El texto destaca el rol del Estado, la familia, la sociedad y el sistema educativo en la configuraci\u00f3n de escenarios de riesgo, as\u00ed como en la obligaci\u00f3n de garantizar la restituci\u00f3n integral de derechos.<\/p>\n","protected":false},"author":1,"featured_media":946,"comment_status":"closed","ping_status":"closed","sticky":false,"template":"","format":"standard","meta":{"_et_pb_use_builder":"on","_et_pb_old_content":"","_et_gb_content_width":"","footnotes":""},"categories":[11],"tags":[12],"class_list":["post-943","post","type-post","status-publish","format-standard","has-post-thumbnail","hentry","category-libros","tag-libros"],"_links":{"self":[{"href":"https:\/\/yoleditorial.com\/index.php\/wp-json\/wp\/v2\/posts\/943","targetHints":{"allow":["GET"]}}],"collection":[{"href":"https:\/\/yoleditorial.com\/index.php\/wp-json\/wp\/v2\/posts"}],"about":[{"href":"https:\/\/yoleditorial.com\/index.php\/wp-json\/wp\/v2\/types\/post"}],"author":[{"embeddable":true,"href":"https:\/\/yoleditorial.com\/index.php\/wp-json\/wp\/v2\/users\/1"}],"replies":[{"embeddable":true,"href":"https:\/\/yoleditorial.com\/index.php\/wp-json\/wp\/v2\/comments?post=943"}],"version-history":[{"count":3,"href":"https:\/\/yoleditorial.com\/index.php\/wp-json\/wp\/v2\/posts\/943\/revisions"}],"predecessor-version":[{"id":951,"href":"https:\/\/yoleditorial.com\/index.php\/wp-json\/wp\/v2\/posts\/943\/revisions\/951"}],"wp:featuredmedia":[{"embeddable":true,"href":"https:\/\/yoleditorial.com\/index.php\/wp-json\/wp\/v2\/media\/946"}],"wp:attachment":[{"href":"https:\/\/yoleditorial.com\/index.php\/wp-json\/wp\/v2\/media?parent=943"}],"wp:term":[{"taxonomy":"category","embeddable":true,"href":"https:\/\/yoleditorial.com\/index.php\/wp-json\/wp\/v2\/categories?post=943"},{"taxonomy":"post_tag","embeddable":true,"href":"https:\/\/yoleditorial.com\/index.php\/wp-json\/wp\/v2\/tags?post=943"}],"curies":[{"name":"wp","href":"https:\/\/api.w.org\/{rel}","templated":true}]}}