{"id":953,"date":"2025-11-17T16:38:49","date_gmt":"2025-11-17T21:38:49","guid":{"rendered":"https:\/\/yoleditorial.com\/?p=953"},"modified":"2025-11-17T16:38:56","modified_gmt":"2025-11-17T21:38:56","slug":"infancia-en-conflicto-analisis-juridico-y-social-de-los-menores-infractores-en-el-ecuador","status":"publish","type":"post","link":"https:\/\/yoleditorial.com\/index.php\/2025\/11\/17\/infancia-en-conflicto-analisis-juridico-y-social-de-los-menores-infractores-en-el-ecuador\/","title":{"rendered":"El curr\u00edculo universitario en transformaci\u00f3n: perspectivas globales hacia la educaci\u00f3n superior del futuro"},"content":{"rendered":"<p>[et_pb_section fb_built=\u00bb1&#8243; _builder_version=\u00bb4.7.7&#8243; _module_preset=\u00bbdefault\u00bb background_color=\u00bb#0a0a0a\u00bb][et_pb_row column_structure=\u00bb1_2,1_2&#8243; _builder_version=\u00bb4.7.7&#8243; _module_preset=\u00bbdefault\u00bb hover_enabled=\u00bb0&#8243; sticky_enabled=\u00bb0&#8243;][et_pb_column type=\u00bb1_2&#8243; _builder_version=\u00bb4.7.7&#8243; _module_preset=\u00bbdefault\u00bb][et_pb_image src=\u00bbhttp:\/\/yoleditorial.com\/wp-content\/uploads\/2025\/11\/EL-CURRICULO-UNIVERSITARIO-EN-TRANSFORMACION-732&#215;1024.png\u00bb alt=\u00bbEl curr\u00edculo universitario en transformaci\u00f3n: perspectivas globales hacia la educaci\u00f3n superior del futuro\u00bb title_text=\u00bbEl curr\u00edculo universitario en transformaci\u00f3n: perspectivas globales hacia la educaci\u00f3n superior del futuro\u00bb _builder_version=\u00bb4.7.7&#8243; _module_preset=\u00bbdefault\u00bb hover_enabled=\u00bb0&#8243; sticky_enabled=\u00bb0&#8243;][\/et_pb_image][\/et_pb_column][et_pb_column type=\u00bb1_2&#8243; _builder_version=\u00bb4.7.7&#8243; _module_preset=\u00bbdefault\u00bb][et_pb_text _builder_version=\u00bb4.7.7&#8243; _module_preset=\u00bbdefault\u00bb]<\/p>\n<h3><strong>T\u00edtulo:<\/strong><\/h3>\n<p>[\/et_pb_text][et_pb_text _builder_version=\u00bb4.7.7&#8243; _module_preset=\u00bbdefault\u00bb]<\/p>\n<h1><strong><span>El curr\u00edculo universitario en transformaci\u00f3n: perspectivas globales hacia la educaci\u00f3n superior del futuro<\/span><\/strong><\/h1>\n<p>[\/et_pb_text][et_pb_text _builder_version=\u00bb4.7.7&#8243; _module_preset=\u00bbdefault\u00bb]<\/p>\n<h3><strong>ISBN:<\/strong><\/h3>\n<p>[\/et_pb_text][et_pb_text _builder_version=\u00bb4.7.7&#8243; _module_preset=\u00bbdefault\u00bb hover_enabled=\u00bb0&#8243; custom_padding=\u00bb||2px|||\u00bb sticky_enabled=\u00bb0&#8243;]<\/p>\n<h4>978-9942-567-26-0<\/h4>\n<p>[\/et_pb_text][et_pb_text _builder_version=\u00bb4.7.7&#8243; _module_preset=\u00bbdefault\u00bb]<\/p>\n<h3><strong>Cant. P\u00e1ginas:<\/strong><\/h3>\n<p>[\/et_pb_text][et_pb_text _builder_version=\u00bb4.7.7&#8243; _module_preset=\u00bbdefault\u00bb hover_enabled=\u00bb0&#8243; sticky_enabled=\u00bb0&#8243;]<\/p>\n<h4>125<\/h4>\n<p>[\/et_pb_text][et_pb_text _builder_version=\u00bb4.7.7&#8243; _module_preset=\u00bbdefault\u00bb]<\/p>\n<h3><strong>Resumen:<\/strong><\/h3>\n<p>[\/et_pb_text][et_pb_text _builder_version=\u00bb4.7.7&#8243; _module_preset=\u00bbdefault\u00bb text_font_size=\u00bb18px\u00bb]<\/p>\n<p><span>El libro \u201cEl curr\u00edculo universitario en transformaci\u00f3n: perspectivas globales hacia la educaci\u00f3n superior del futuro\u201d ofrece un an\u00e1lisis profundo sobre la evoluci\u00f3n y los desaf\u00edos del curr\u00edculo en la educaci\u00f3n superior, en un contexto global marcado por la sociedad del conocimiento, la digitalizaci\u00f3n y la globalizaci\u00f3n. La obra busca orientar a acad\u00e9micos, gestores e investigadores hacia una comprensi\u00f3n cr\u00edtica del curr\u00edculo como un espacio din\u00e1mico que refleja las tensiones entre la formaci\u00f3n profesional, la investigaci\u00f3n y el desarrollo ciudadano, invitando a repensar el papel de la universidad en una \u00e9poca de cambio constante.<\/span><\/p>\n<p><span>A lo largo de sus cap\u00edtulos, el texto aborda los fundamentos hist\u00f3ricos del curr\u00edculo universitario, desde los modelos cl\u00e1sicos hasta las reformas contempor\u00e1neas, mostrando c\u00f3mo las transformaciones sociales, culturales y econ\u00f3micas han moldeado las estructuras educativas. Asimismo, examina los retos actuales vinculados al desarrollo de nuevas competencias \u2014como el pensamiento cr\u00edtico, la innovaci\u00f3n, la ciudadan\u00eda global y la sostenibilidad\u2014 y reflexiona sobre las tensiones institucionales y pedag\u00f3gicas que enfrenta la universidad para garantizar la equidad, la diversidad y el acceso inclusivo a la educaci\u00f3n superior.<\/span><\/p>\n<p><span>Finalmente, la obra plantea las tendencias que marcar\u00e1n el futuro del curr\u00edculo, destacando la hibridaci\u00f3n pedag\u00f3gica entre lo presencial, lo virtual y los entornos inmersivos potenciados por la inteligencia artificial, la realidad aumentada y el metaverso. Propone un modelo curricular que articule de manera efectiva la relaci\u00f3n entre universidad, empresa, sociedad y Estado, promoviendo la innovaci\u00f3n, la evaluaci\u00f3n de la calidad y la pertinencia local dentro de un marco global. En s\u00edntesis, el libro se presenta como una gu\u00eda visionaria para construir una educaci\u00f3n superior m\u00e1s flexible, inclusiva y orientada al futuro.<\/span><\/p>\n<p>&nbsp;<\/p>\n<p>&nbsp;<\/p>\n<p>&nbsp;<\/p>\n<p>&nbsp;<\/p>\n<p>&nbsp;<\/p>\n<p>&nbsp;<\/p>\n<p>&nbsp;<\/p>\n<p>&nbsp;<\/p>\n<p>&nbsp;<\/p>\n<p>&nbsp;<\/p>\n<p>&nbsp;<\/p>\n<p>&nbsp;<\/p>\n<p>&nbsp;<\/p>\n<p>&nbsp;<\/p>\n<p>[\/et_pb_text][et_pb_text disabled_on=\u00bbon|on|on\u00bb _builder_version=\u00bb4.7.7&#8243; _module_preset=\u00bbdefault\u00bb link_option_url=\u00bbhttps:\/\/ppls.me\/1wxwz3E8B8luSr7nboioyg \u00bb disabled=\u00bbon\u00bb locked=\u00bboff\u00bb]<\/p>\n<h3><strong>Link de <a href=\"http:\/\/yoleditorial.com\/wp-content\/uploads\/2025\/07\/LIBRO-MUSICAL-DIDACTICA-Y-TECNOLOGIA-v-003.pdf\" title=\"Libro\" target=\"_blank\" rel=\"noopener noreferrer\">descarga<\/a><\/strong><\/h3>\n<p>[\/et_pb_text][\/et_pb_column][\/et_pb_row][\/et_pb_section]<\/p>\n","protected":false},"excerpt":{"rendered":"<p>El libro \u201cEl curr\u00edculo universitario en transformaci\u00f3n: perspectivas globales hacia la educaci\u00f3n superior del futuro\u201d ofrece un an\u00e1lisis profundo sobre la evoluci\u00f3n y los desaf\u00edos del curr\u00edculo en la educaci\u00f3n superior, en un contexto global marcado por la sociedad del conocimiento, la digitalizaci\u00f3n y la globalizaci\u00f3n. La obra busca orientar a acad\u00e9micos, gestores e investigadores hacia una comprensi\u00f3n cr\u00edtica del curr\u00edculo como un espacio din\u00e1mico que refleja las tensiones entre la formaci\u00f3n profesional, la investigaci\u00f3n y el desarrollo ciudadano, invitando a repensar el papel de la universidad en una \u00e9poca de cambio constante.<\/p>\n","protected":false},"author":1,"featured_media":955,"comment_status":"closed","ping_status":"closed","sticky":false,"template":"","format":"standard","meta":{"_et_pb_use_builder":"on","_et_pb_old_content":"","_et_gb_content_width":"","footnotes":""},"categories":[11],"tags":[12],"class_list":["post-953","post","type-post","status-publish","format-standard","has-post-thumbnail","hentry","category-libros","tag-libros"],"_links":{"self":[{"href":"https:\/\/yoleditorial.com\/index.php\/wp-json\/wp\/v2\/posts\/953","targetHints":{"allow":["GET"]}}],"collection":[{"href":"https:\/\/yoleditorial.com\/index.php\/wp-json\/wp\/v2\/posts"}],"about":[{"href":"https:\/\/yoleditorial.com\/index.php\/wp-json\/wp\/v2\/types\/post"}],"author":[{"embeddable":true,"href":"https:\/\/yoleditorial.com\/index.php\/wp-json\/wp\/v2\/users\/1"}],"replies":[{"embeddable":true,"href":"https:\/\/yoleditorial.com\/index.php\/wp-json\/wp\/v2\/comments?post=953"}],"version-history":[{"count":2,"href":"https:\/\/yoleditorial.com\/index.php\/wp-json\/wp\/v2\/posts\/953\/revisions"}],"predecessor-version":[{"id":957,"href":"https:\/\/yoleditorial.com\/index.php\/wp-json\/wp\/v2\/posts\/953\/revisions\/957"}],"wp:featuredmedia":[{"embeddable":true,"href":"https:\/\/yoleditorial.com\/index.php\/wp-json\/wp\/v2\/media\/955"}],"wp:attachment":[{"href":"https:\/\/yoleditorial.com\/index.php\/wp-json\/wp\/v2\/media?parent=953"}],"wp:term":[{"taxonomy":"category","embeddable":true,"href":"https:\/\/yoleditorial.com\/index.php\/wp-json\/wp\/v2\/categories?post=953"},{"taxonomy":"post_tag","embeddable":true,"href":"https:\/\/yoleditorial.com\/index.php\/wp-json\/wp\/v2\/tags?post=953"}],"curies":[{"name":"wp","href":"https:\/\/api.w.org\/{rel}","templated":true}]}}