{"id":959,"date":"2025-11-17T16:46:51","date_gmt":"2025-11-17T21:46:51","guid":{"rendered":"https:\/\/yoleditorial.com\/?p=959"},"modified":"2025-11-17T16:46:51","modified_gmt":"2025-11-17T21:46:51","slug":"el-curriculo-universitario-en-transformacion-perspectivas-globales-hacia-la-educacion-superior-del-futuro","status":"publish","type":"post","link":"https:\/\/yoleditorial.com\/index.php\/2025\/11\/17\/el-curriculo-universitario-en-transformacion-perspectivas-globales-hacia-la-educacion-superior-del-futuro\/","title":{"rendered":"Educaci\u00f3n f\u00edsica: confluencias de cultura f\u00edsica, recreaci\u00f3n y deporte"},"content":{"rendered":"<p>[et_pb_section fb_built=\u00bb1&#8243; _builder_version=\u00bb4.7.7&#8243; _module_preset=\u00bbdefault\u00bb background_color=\u00bb#0a0a0a\u00bb][et_pb_row column_structure=\u00bb1_2,1_2&#8243; _builder_version=\u00bb4.7.7&#8243; _module_preset=\u00bbdefault\u00bb][et_pb_column type=\u00bb1_2&#8243; _builder_version=\u00bb4.7.7&#8243; _module_preset=\u00bbdefault\u00bb][et_pb_image src=\u00bbhttp:\/\/yoleditorial.com\/wp-content\/uploads\/2025\/11\/Educacion-Fisica.png\u00bb alt=\u00bbEducaci\u00f3n f\u00edsica: confluencias de cultura f\u00edsica, recreaci\u00f3n y deporte\u00bb title_text=\u00bbEducaci\u00f3n f\u00edsica: confluencias de cultura f\u00edsica, recreaci\u00f3n y deporte\u00bb _builder_version=\u00bb4.7.7&#8243; _module_preset=\u00bbdefault\u00bb hover_enabled=\u00bb0&#8243; sticky_enabled=\u00bb0&#8243;][\/et_pb_image][\/et_pb_column][et_pb_column type=\u00bb1_2&#8243; _builder_version=\u00bb4.7.7&#8243; _module_preset=\u00bbdefault\u00bb][et_pb_text _builder_version=\u00bb4.7.7&#8243; _module_preset=\u00bbdefault\u00bb]<\/p>\n<h3><strong>T\u00edtulo:<\/strong><\/h3>\n<p>[\/et_pb_text][et_pb_text _builder_version=\u00bb4.7.7&#8243; _module_preset=\u00bbdefault\u00bb hover_enabled=\u00bb0&#8243; sticky_enabled=\u00bb0&#8243;]<\/p>\n<h1><strong><span>E<\/span><\/strong><strong>ducaci\u00f3n f\u00edsica: confluencias de cultura f\u00edsica, recreaci\u00f3n y deporte<\/strong><\/h1>\n<p>[\/et_pb_text][et_pb_text _builder_version=\u00bb4.7.7&#8243; _module_preset=\u00bbdefault\u00bb]<\/p>\n<h3><strong>ISBN:<\/strong><\/h3>\n<p>[\/et_pb_text][et_pb_text _builder_version=\u00bb4.7.7&#8243; _module_preset=\u00bbdefault\u00bb custom_padding=\u00bb||2px|||\u00bb]<\/p>\n<h4>978-9942-7247-2-4<\/h4>\n<p>[\/et_pb_text][et_pb_text _builder_version=\u00bb4.7.7&#8243; _module_preset=\u00bbdefault\u00bb]<\/p>\n<h3><strong>Cant. P\u00e1ginas:<\/strong><\/h3>\n<p>[\/et_pb_text][et_pb_text _builder_version=\u00bb4.7.7&#8243; _module_preset=\u00bbdefault\u00bb]<\/p>\n<h4>186<\/h4>\n<p>[\/et_pb_text][et_pb_text _builder_version=\u00bb4.7.7&#8243; _module_preset=\u00bbdefault\u00bb]<\/p>\n<h3><strong>Resumen:<\/strong><\/h3>\n<p>[\/et_pb_text][et_pb_text _builder_version=\u00bb4.7.7&#8243; _module_preset=\u00bbdefault\u00bb text_font_size=\u00bb18px\u00bb]<\/p>\n<p>El libro <em>Educaci\u00f3n F\u00edsica: Confluencias de Cultura F\u00edsica, Recreaci\u00f3n y Deporte<\/em> presenta un an\u00e1lisis integral de la motricidad humana como eje articulador de los procesos educativos contempor\u00e1neos. Los primeros cap\u00edtulos destacan la importancia de innovar la pr\u00e1ctica docente mediante estrategias como la gamificaci\u00f3n, el dise\u00f1o de aprendizajes sustentables y el fortalecimiento de habilidades motrices en contextos escolares espec\u00edficos. Asimismo, se incluye un examen del enfoque pedag\u00f3gico propuesto por la Nueva Escuela Mexicana, destacando su impacto en la Educaci\u00f3n F\u00edsica y en la renovaci\u00f3n de los ambientes de aprendizaje desde una perspectiva inclusiva, formativa y centrada en el estudiante.<\/p>\n<p>En una segunda l\u00ednea tem\u00e1tica, la obra profundiza en el rol del docente como agente de socializaci\u00f3n, gu\u00eda del aprendizaje y profesional en constante formaci\u00f3n. Se abordan aspectos como la actitud del profesorado ante los procesos educativos, la relevancia de las pr\u00e1cticas profesionales como medio para la consolidaci\u00f3n de la identidad docente y un an\u00e1lisis comparado de la formaci\u00f3n del educador f\u00edsico en M\u00e9xico y Espa\u00f1a. Estos cap\u00edtulos resaltan la necesidad de fortalecer las competencias pedag\u00f3gicas, \u00e9ticas y t\u00e9cnicas del educador contempor\u00e1neo, considerando la diversidad institucional y las transformaciones sociales que impactan la ense\u00f1anza del movimiento.<\/p>\n<p>Finalmente, el libro incorpora perspectivas actuales sobre la integraci\u00f3n tecnol\u00f3gica en la cultura f\u00edsica y el deporte, mediante un an\u00e1lisis bibliom\u00e9trico del uso de herramientas digitales en el \u00e1rea. Tambi\u00e9n ofrece propuestas metodol\u00f3gicas para mejorar la competencia motriz en educaci\u00f3n secundaria y explora la representaci\u00f3n social de la lectura en estudiantes avanzados de la licenciatura en Educaci\u00f3n F\u00edsica. La obra culmina con un programa especializado de ejercicios de fuerza dirigido a ni\u00f1os triatletas, evidenciando la articulaci\u00f3n entre teor\u00eda, pr\u00e1ctica y entrenamiento deportivo. En conjunto, los cap\u00edtulos ofrecen una visi\u00f3n plural que integra innovaci\u00f3n pedag\u00f3gica, formaci\u00f3n profesional y aplicaci\u00f3n t\u00e9cnico-deportiva<\/p>\n<p>&nbsp;<\/p>\n<p>&nbsp;<\/p>\n<p>&nbsp;<\/p>\n<p>&nbsp;<\/p>\n<p>&nbsp;<\/p>\n<p>&nbsp;<\/p>\n<p>&nbsp;<\/p>\n<p>[\/et_pb_text][et_pb_text disabled_on=\u00bbon|on|on\u00bb _builder_version=\u00bb4.7.7&#8243; _module_preset=\u00bbdefault\u00bb link_option_url=\u00bbhttps:\/\/ppls.me\/1wxwz3E8B8luSr7nboioyg \u00bb disabled=\u00bbon\u00bb locked=\u00bboff\u00bb]<\/p>\n<h3><strong>Link de <a href=\"http:\/\/yoleditorial.com\/wp-content\/uploads\/2025\/07\/LIBRO-MUSICAL-DIDACTICA-Y-TECNOLOGIA-v-003.pdf\" title=\"Libro\" target=\"_blank\" rel=\"noopener noreferrer\">descarga<\/a><\/strong><\/h3>\n<p>[\/et_pb_text][\/et_pb_column][\/et_pb_row][\/et_pb_section]<\/p>\n","protected":false},"excerpt":{"rendered":"<p>El libro Educaci\u00f3n F\u00edsica: Confluencias de Cultura F\u00edsica, Recreaci\u00f3n y Deporte presenta un an\u00e1lisis integral de la motricidad humana como eje articulador de los procesos educativos contempor\u00e1neos. Los primeros cap\u00edtulos destacan la importancia de innovar la pr\u00e1ctica docente mediante estrategias como la gamificaci\u00f3n, el dise\u00f1o de aprendizajes sustentables y el fortalecimiento de habilidades motrices en contextos escolares espec\u00edficos. Asimismo, se incluye un examen del enfoque pedag\u00f3gico propuesto por la Nueva Escuela Mexicana, destacando su impacto en la Educaci\u00f3n F\u00edsica y en la renovaci\u00f3n de los ambientes de aprendizaje desde una perspectiva inclusiva, formativa y centrada en el estudiante.<\/p>\n","protected":false},"author":1,"featured_media":960,"comment_status":"closed","ping_status":"closed","sticky":false,"template":"","format":"standard","meta":{"_et_pb_use_builder":"on","_et_pb_old_content":"","_et_gb_content_width":"","footnotes":""},"categories":[11],"tags":[12],"class_list":["post-959","post","type-post","status-publish","format-standard","has-post-thumbnail","hentry","category-libros","tag-libros"],"_links":{"self":[{"href":"https:\/\/yoleditorial.com\/index.php\/wp-json\/wp\/v2\/posts\/959","targetHints":{"allow":["GET"]}}],"collection":[{"href":"https:\/\/yoleditorial.com\/index.php\/wp-json\/wp\/v2\/posts"}],"about":[{"href":"https:\/\/yoleditorial.com\/index.php\/wp-json\/wp\/v2\/types\/post"}],"author":[{"embeddable":true,"href":"https:\/\/yoleditorial.com\/index.php\/wp-json\/wp\/v2\/users\/1"}],"replies":[{"embeddable":true,"href":"https:\/\/yoleditorial.com\/index.php\/wp-json\/wp\/v2\/comments?post=959"}],"version-history":[{"count":2,"href":"https:\/\/yoleditorial.com\/index.php\/wp-json\/wp\/v2\/posts\/959\/revisions"}],"predecessor-version":[{"id":963,"href":"https:\/\/yoleditorial.com\/index.php\/wp-json\/wp\/v2\/posts\/959\/revisions\/963"}],"wp:featuredmedia":[{"embeddable":true,"href":"https:\/\/yoleditorial.com\/index.php\/wp-json\/wp\/v2\/media\/960"}],"wp:attachment":[{"href":"https:\/\/yoleditorial.com\/index.php\/wp-json\/wp\/v2\/media?parent=959"}],"wp:term":[{"taxonomy":"category","embeddable":true,"href":"https:\/\/yoleditorial.com\/index.php\/wp-json\/wp\/v2\/categories?post=959"},{"taxonomy":"post_tag","embeddable":true,"href":"https:\/\/yoleditorial.com\/index.php\/wp-json\/wp\/v2\/tags?post=959"}],"curies":[{"name":"wp","href":"https:\/\/api.w.org\/{rel}","templated":true}]}}